{"id":8723,"date":"2024-09-24T08:07:13","date_gmt":"2024-09-24T11:07:13","guid":{"rendered":"https:\/\/hdpnoticias.com.ar\/?p=8723"},"modified":"2024-09-24T08:07:15","modified_gmt":"2024-09-24T11:07:15","slug":"ayala-a-favor-del-credito-no-importa-de-que-lado-estemos-los-problemas-son-de-todos","status":"publish","type":"post","link":"https:\/\/hdpnoticias.com.ar\/?p=8723","title":{"rendered":"Ayala a favor del cr\u00e9dito: No importa de qu\u00e9 lado estemos, los problemas son de todos"},"content":{"rendered":"\n<figure class=\"wp-block-image size-full\"><img loading=\"lazy\" decoding=\"async\" width=\"720\" height=\"90\" src=\"http:\/\/hdpnoticias.com.ar\/wp-content\/uploads\/2024\/05\/Copy-of-720x90-1.gif\" alt=\"\" class=\"wp-image-6806\"\/><\/figure>\n\n\n\n<p>El diputado peronista Juan Carlos Ayala adelant\u00f3 que votar\u00e1 a favor del proyecto de ley de declaraci\u00f3n de emergencia energ\u00e9tica e h\u00eddrica en la provincia y la toma de cr\u00e9dito por 150 millones de d\u00f3lares, impulsado por el gobernador Leandro Zdero.<\/p>\n\n\n\n<p>\u201cTenemos que acompa\u00f1ar, como nos acompa\u00f1aron ellos desde la oposici\u00f3n cuando nosotros \u00e9ramos oficialismo. Ahora les toca gobernar a ellos y necesitan con qu\u00e9\u201d, repas\u00f3, y agreg\u00f3 que \u201cno hay que confundirse, se trata de resolver los problemas que tiene la provincia, no importa de qu\u00e9 lado del mostrador estemos los diputados\u201d.<\/p>\n\n\n\n<p>\u201cSiempre habr\u00e1 cuestiones para discutir, pero el fondo es siempre el mismo\u201d, concluy\u00f3.<\/p>\n\n\n\n<p>Ayala entiende que 2 aspectos claves en los que hay que ahondar son, por un lado, el destino espec\u00edfico que se imprimir\u00e1 a los fondos, y por otro: el control de la inversi\u00f3n.<\/p>\n\n\n\n<p>\u201cEsto es clave. Ahora est\u00e1 saliendo a la luz lo que le pasa cuando fallan los controles, como nos le pas\u00f3 a nuestro gobierno\u201d, dijo sobre los posibles hechos de corrupci\u00f3n en la relaci\u00f3n entre el gobierno de Jorge Capitanich y los movimientos piqueteros, que son investigados por la Justicia provincial y federal. Y para redondear, parafrase\u00f3: \u201cEl que se quema con leche, ve una vaca y llora\u201d.<\/p>\n\n\n\n<p><strong>Los intendentes, a favor<\/strong><\/p>\n\n\n\n<p>Paralelamente, entiende que hay que contemplar la solicitud de los intendentes que aspiran a incluir en el objetivo del cr\u00e9dito la reanudaci\u00f3n de obras en sus municipios y la restituci\u00f3n del 2% de fondos de participaci\u00f3n que hoy se destinan junto al 2% aportado por la Provincia al programa Chaco Subsidia, implementado por ley en febrero de 2019.<\/p>\n\n\n\n<p>La gran mayor\u00eda de los intendentes opositores ya se expresaron a favor de la toma de cr\u00e9dito e instaron a los diputados del Frente Chaque\u00f1o entender la situaci\u00f3n y aprobar la iniciativa, en contra de la voluntad expresada por el exgobernador Jorge Capitanich, presidente del PJ, que amenaz\u00f3 sancionar a los legisladores que respalden el proyecto del Gobierno.<\/p>\n","protected":false},"excerpt":{"rendered":"<p>El diputado peronista Juan Carlos Ayala adelant\u00f3 que votar\u00e1 a favor del proyecto de ley de declaraci\u00f3n de emergencia energ\u00e9tica e h\u00eddrica en la provincia y la toma de cr\u00e9dito por 150 millones de d\u00f3lares, impulsado por el gobernador Leandro Zdero. \u201cTenemos que acompa\u00f1ar, como nos acompa\u00f1aron ellos desde la oposici\u00f3n cuando nosotros \u00e9ramos oficialismo. [&hellip;]<\/p>\n","protected":false},"author":1,"featured_media":1380,"comment_status":"open","ping_status":"open","sticky":false,"template":"","format":"standard","meta":{"footnotes":""},"categories":[27],"tags":[],"class_list":["post-8723","post","type-post","status-publish","format-standard","has-post-thumbnail","hentry","category-politica"],"_links":{"self":[{"href":"https:\/\/hdpnoticias.com.ar\/index.php?rest_route=\/wp\/v2\/posts\/8723","targetHints":{"allow":["GET"]}}],"collection":[{"href":"https:\/\/hdpnoticias.com.ar\/index.php?rest_route=\/wp\/v2\/posts"}],"about":[{"href":"https:\/\/hdpnoticias.com.ar\/index.php?rest_route=\/wp\/v2\/types\/post"}],"author":[{"embeddable":true,"href":"https:\/\/hdpnoticias.com.ar\/index.php?rest_route=\/wp\/v2\/users\/1"}],"replies":[{"embeddable":true,"href":"https:\/\/hdpnoticias.com.ar\/index.php?rest_route=%2Fwp%2Fv2%2Fcomments&post=8723"}],"version-history":[{"count":1,"href":"https:\/\/hdpnoticias.com.ar\/index.php?rest_route=\/wp\/v2\/posts\/8723\/revisions"}],"predecessor-version":[{"id":8724,"href":"https:\/\/hdpnoticias.com.ar\/index.php?rest_route=\/wp\/v2\/posts\/8723\/revisions\/8724"}],"wp:featuredmedia":[{"embeddable":true,"href":"https:\/\/hdpnoticias.com.ar\/index.php?rest_route=\/wp\/v2\/media\/1380"}],"wp:attachment":[{"href":"https:\/\/hdpnoticias.com.ar\/index.php?rest_route=%2Fwp%2Fv2%2Fmedia&parent=8723"}],"wp:term":[{"taxonomy":"category","embeddable":true,"href":"https:\/\/hdpnoticias.com.ar\/index.php?rest_route=%2Fwp%2Fv2%2Fcategories&post=8723"},{"taxonomy":"post_tag","embeddable":true,"href":"https:\/\/hdpnoticias.com.ar\/index.php?rest_route=%2Fwp%2Fv2%2Ftags&post=8723"}],"curies":[{"name":"wp","href":"https:\/\/api.w.org\/{rel}","templated":true}]}}