{"id":869,"date":"2023-02-16T21:35:36","date_gmt":"2023-02-17T00:35:36","guid":{"rendered":"http:\/\/hdpnoticias.com.ar\/?p=869"},"modified":"2023-02-16T21:35:38","modified_gmt":"2023-02-17T00:35:38","slug":"encontraron-a-hermanas-de-15-y-11-anos-que-escaparon-de-su-casa-la-menor-no-quiso-volver","status":"publish","type":"post","link":"https:\/\/hdpnoticias.com.ar\/?p=869","title":{"rendered":"Encontraron a hermanas de 15 y 11 a\u00f1os que escaparon de su casa: la menor no quiso volver"},"content":{"rendered":"\n<p>La ma\u00f1ana del mi\u00e9rcoles, una pareja denunci\u00f3 ante la Comisar\u00eda Quinta la desaparici\u00f3n de sus hijas de 15 y 11 a\u00f1os, de su casa en la zona sur de Resistencia.<\/p>\n\n\n\n<p>Por la tarde, la mayor fue localizada en Barranqueras, trasladada al servicio de Medicina Legal de la Polic\u00eda y restituida a sus padres.<\/p>\n\n\n\n<p>La m\u00e1s peque\u00f1a fue intensamente buscada hasta el mediod\u00eda de este jueves, cuando familiares informaron a la Polic\u00eda que la hab\u00edan hallado y se dirig\u00edan con ella al Departamento de Violencia Familiar y de G\u00e9nero.<\/p>\n\n\n\n<p>La Polic\u00eda la traslad\u00f3 despu\u00e9s a Medicina Legal, y luego fue puesta a disposici\u00f3n de la L\u00ednea 102 porque se neg\u00f3 a volver con sus padres.<\/p>\n\n\n\n<p>Investigan qu\u00e9 llev\u00f3 a las menores a abandonar la casa familiar.<\/p>\n","protected":false},"excerpt":{"rendered":"<p>La ma\u00f1ana del mi\u00e9rcoles, una pareja denunci\u00f3 ante la Comisar\u00eda Quinta la desaparici\u00f3n de sus hijas de 15 y 11 a\u00f1os, de su casa en la zona sur de Resistencia. Por la tarde, la mayor fue localizada en Barranqueras, trasladada al servicio de Medicina Legal de la Polic\u00eda y restituida a sus padres. La m\u00e1s [&hellip;]<\/p>\n","protected":false},"author":1,"featured_media":870,"comment_status":"open","ping_status":"open","sticky":false,"template":"","format":"standard","meta":{"footnotes":""},"categories":[26],"tags":[53,412,604,602,603,55,49],"class_list":["post-869","post","type-post","status-publish","format-standard","has-post-thumbnail","hentry","category-policiales","tag-barranqueras","tag-desaparecidas","tag-linea-102","tag-menores","tag-nina","tag-policia","tag-resistencia"],"_links":{"self":[{"href":"https:\/\/hdpnoticias.com.ar\/index.php?rest_route=\/wp\/v2\/posts\/869","targetHints":{"allow":["GET"]}}],"collection":[{"href":"https:\/\/hdpnoticias.com.ar\/index.php?rest_route=\/wp\/v2\/posts"}],"about":[{"href":"https:\/\/hdpnoticias.com.ar\/index.php?rest_route=\/wp\/v2\/types\/post"}],"author":[{"embeddable":true,"href":"https:\/\/hdpnoticias.com.ar\/index.php?rest_route=\/wp\/v2\/users\/1"}],"replies":[{"embeddable":true,"href":"https:\/\/hdpnoticias.com.ar\/index.php?rest_route=%2Fwp%2Fv2%2Fcomments&post=869"}],"version-history":[{"count":1,"href":"https:\/\/hdpnoticias.com.ar\/index.php?rest_route=\/wp\/v2\/posts\/869\/revisions"}],"predecessor-version":[{"id":871,"href":"https:\/\/hdpnoticias.com.ar\/index.php?rest_route=\/wp\/v2\/posts\/869\/revisions\/871"}],"wp:featuredmedia":[{"embeddable":true,"href":"https:\/\/hdpnoticias.com.ar\/index.php?rest_route=\/wp\/v2\/media\/870"}],"wp:attachment":[{"href":"https:\/\/hdpnoticias.com.ar\/index.php?rest_route=%2Fwp%2Fv2%2Fmedia&parent=869"}],"wp:term":[{"taxonomy":"category","embeddable":true,"href":"https:\/\/hdpnoticias.com.ar\/index.php?rest_route=%2Fwp%2Fv2%2Fcategories&post=869"},{"taxonomy":"post_tag","embeddable":true,"href":"https:\/\/hdpnoticias.com.ar\/index.php?rest_route=%2Fwp%2Fv2%2Ftags&post=869"}],"curies":[{"name":"wp","href":"https:\/\/api.w.org\/{rel}","templated":true}]}}