{"id":8669,"date":"2024-09-19T06:55:48","date_gmt":"2024-09-19T09:55:48","guid":{"rendered":"https:\/\/hdpnoticias.com.ar\/?p=8669"},"modified":"2024-09-19T07:02:33","modified_gmt":"2024-09-19T10:02:33","slug":"capitanich-lanzo-la-candidatura-de-su-hija-es-un-excelente-cuadro-politico-y-militante","status":"publish","type":"post","link":"https:\/\/hdpnoticias.com.ar\/?p=8669","title":{"rendered":"Capitanich lanz\u00f3 la candidatura de su hija: Es un excelente cuadro pol\u00edtico y militante"},"content":{"rendered":"\n<figure class=\"wp-block-image size-full\"><img loading=\"lazy\" decoding=\"async\" width=\"720\" height=\"90\" src=\"http:\/\/hdpnoticias.com.ar\/wp-content\/uploads\/2024\/05\/Copy-of-720x90-1.gif\" alt=\"\" class=\"wp-image-6806\"\/><\/figure>\n\n\n\n<p>\u201cYo ya cumpl\u00ed un ciclo en la funci\u00f3n p\u00fablica\u201d, reiter\u00f3 el exgobernador Jorge Capitanich, una conclusi\u00f3n que ya hab\u00eda anunciado hace un a\u00f1o tras la derrota en primera vuelta frente a Leandro Zdero cuando pretend\u00eda la reelecci\u00f3n y su cuarto mandato.<\/p>\n\n\n\n<p>Y aunque asegur\u00f3 no tener inter\u00e9s en cargo alguno, neg\u00f3 retirarse de la pol\u00edtica aseverando que va a cumplir con \u201cla voluntad popular\u201d que lo defini\u00f3 como \u201ccustodio del patrimonio provincial\u201d. \u201cNo tengo ning\u00fan otro inter\u00e9s que defender al electorado que nos vot\u00f3\u201d, dijo, entrevistado por Nicol\u00e1s Bulatovich, y calcul\u00f3 esa expresi\u00f3n en \u201cel 42%\u201d.<\/p>\n\n\n\n<p>Pero al confirmar la vacante, ya lanz\u00f3 como postulante a su hija Guillermina, que ya est\u00e1 en carrera para las pr\u00f3ximas elecciones, algo que fue se\u00f1alado por HDP Noticias tras conocerse a trav\u00e9s de redes sociales las <strong><a href=\"https:\/\/hdpnoticias.com.ar\/?p=8078\">reuniones en las que hab\u00eda logrado reunir hasta 7 personas<\/a><\/strong>.<\/p>\n\n\n\n<p>Tiene experiencia en la funci\u00f3n p\u00fablica despu\u00e9s de haber acompa\u00f1ado a su padre en su \u00faltima gobernaci\u00f3n y termin\u00f3 como funcionaria de Ecom Chaco SA y responsable de los medios de comunicaci\u00f3n de la Provincia.<\/p>\n\n\n\n<p>\u201cLa verdad es que mi hija Guillermina es un excelente cuadro pol\u00edtico y tiene vocaci\u00f3n y actitud militante\u201d, describi\u00f3. \u201cLos que critican a Guillermina y a una nueva expresi\u00f3n de j\u00f3venes, que compitan\u201d, dijo, actuando tambi\u00e9n en defensa de sus exfuncionarios, los diputados provinciales Santiago P\u00e9rez Pons, Mar\u00eda P\u00eda Chiacchio Cavana, que encabezaron la \u00faltima lista del Frente Chaque\u00f1o y fueron cuestionados por la derrota.<\/p>\n","protected":false},"excerpt":{"rendered":"<p>\u201cYo ya cumpl\u00ed un ciclo en la funci\u00f3n p\u00fablica\u201d, reiter\u00f3 el exgobernador Jorge Capitanich, una conclusi\u00f3n que ya hab\u00eda anunciado hace un a\u00f1o tras la derrota en primera vuelta frente a Leandro Zdero cuando pretend\u00eda la reelecci\u00f3n y su cuarto mandato. Y aunque asegur\u00f3 no tener inter\u00e9s en cargo alguno, neg\u00f3 retirarse de la pol\u00edtica [&hellip;]<\/p>\n","protected":false},"author":1,"featured_media":8079,"comment_status":"open","ping_status":"open","sticky":false,"template":"","format":"standard","meta":{"footnotes":""},"categories":[27],"tags":[],"class_list":["post-8669","post","type-post","status-publish","format-standard","has-post-thumbnail","hentry","category-politica"],"_links":{"self":[{"href":"https:\/\/hdpnoticias.com.ar\/index.php?rest_route=\/wp\/v2\/posts\/8669","targetHints":{"allow":["GET"]}}],"collection":[{"href":"https:\/\/hdpnoticias.com.ar\/index.php?rest_route=\/wp\/v2\/posts"}],"about":[{"href":"https:\/\/hdpnoticias.com.ar\/index.php?rest_route=\/wp\/v2\/types\/post"}],"author":[{"embeddable":true,"href":"https:\/\/hdpnoticias.com.ar\/index.php?rest_route=\/wp\/v2\/users\/1"}],"replies":[{"embeddable":true,"href":"https:\/\/hdpnoticias.com.ar\/index.php?rest_route=%2Fwp%2Fv2%2Fcomments&post=8669"}],"version-history":[{"count":2,"href":"https:\/\/hdpnoticias.com.ar\/index.php?rest_route=\/wp\/v2\/posts\/8669\/revisions"}],"predecessor-version":[{"id":8671,"href":"https:\/\/hdpnoticias.com.ar\/index.php?rest_route=\/wp\/v2\/posts\/8669\/revisions\/8671"}],"wp:featuredmedia":[{"embeddable":true,"href":"https:\/\/hdpnoticias.com.ar\/index.php?rest_route=\/wp\/v2\/media\/8079"}],"wp:attachment":[{"href":"https:\/\/hdpnoticias.com.ar\/index.php?rest_route=%2Fwp%2Fv2%2Fmedia&parent=8669"}],"wp:term":[{"taxonomy":"category","embeddable":true,"href":"https:\/\/hdpnoticias.com.ar\/index.php?rest_route=%2Fwp%2Fv2%2Fcategories&post=8669"},{"taxonomy":"post_tag","embeddable":true,"href":"https:\/\/hdpnoticias.com.ar\/index.php?rest_route=%2Fwp%2Fv2%2Ftags&post=8669"}],"curies":[{"name":"wp","href":"https:\/\/api.w.org\/{rel}","templated":true}]}}