{"id":8642,"date":"2024-09-17T08:30:11","date_gmt":"2024-09-17T11:30:11","guid":{"rendered":"https:\/\/hdpnoticias.com.ar\/?p=8642"},"modified":"2024-09-17T08:33:21","modified_gmt":"2024-09-17T11:33:21","slug":"sorpresa-el-coquismo-empieza-a-reconocer-la-pesada-herencia-energetica","status":"publish","type":"post","link":"https:\/\/hdpnoticias.com.ar\/?p=8642","title":{"rendered":"Sorpresa: el coquismo empieza a reconocer la \u201cpesada herencia\u201d energ\u00e9tica"},"content":{"rendered":"\n<figure class=\"wp-block-image size-full\"><img loading=\"lazy\" decoding=\"async\" width=\"720\" height=\"90\" src=\"http:\/\/hdpnoticias.com.ar\/wp-content\/uploads\/2024\/05\/Copy-of-720x90-1.gif\" alt=\"\" class=\"wp-image-6806\"\/><\/figure>\n\n\n\n<p>\u201cLe pedimos al Gobierno un mont\u00f3n de cosas y nos olvidamos que <strong><a href=\"https:\/\/hdpnoticias.com.ar\/?p=8633\">gobernamos 16 a\u00f1os y no pudimos resolver problemas estructurales<\/a><\/strong>\u201d, dijo el intendente de Las Garcitas: el peronista Sergio Dolce, enfrent\u00e1ndose a la postura de los legisladores del Frente Chaque\u00f1o que rechazan in l\u00edmine la autorizaci\u00f3n solicitada por el gobernador Leandro Zdero para gestionar cr\u00e9ditos por 150 millones de d\u00f3lares para obras de infraestructura energ\u00e9tica. Y asegur\u00f3 que esa es la posici\u00f3n de la gran mayor\u00eda de los intendentes opositores.<\/p>\n\n\n\n<p>Justamente, el Gobierno apunta a resolver la inminente crisis energ\u00e9tica por el incremento de la demanda que se dar\u00e1 en los pr\u00f3ximos meses por las altas temperaturas. Y uno de los problemas que demanda soluci\u00f3n urgente es el abastecimiento de energ\u00eda en El Impenetrable tras <strong><a href=\"https:\/\/hdpnoticias.com.ar\/?p=6258\">el retiro de los generadores de Aggreko<\/a><\/strong>.<\/p>\n\n\n\n<p>La compa\u00f1\u00eda, tras <strong><a href=\"https:\/\/hdpnoticias.com.ar\/?p=5181\">demandar infructuosamente en varias oportunidades a la gesti\u00f3n de Jorge Capitanich el pago de facturas adeudadas bajo apercibimiento de interrupci\u00f3n de los servicios<\/a><\/strong> prestados en El Impenetrable, decidi\u00f3 no renovar el convenio firmado con la intervenci\u00f3n de Cammesa, y finalmente anunci\u00f3 ya el a\u00f1o pasado su retiro de gran parte del mercado nacional.<\/p>\n\n\n\n<p>Consciente de esta situaci\u00f3n, la diputada provincial Mar\u00eda P\u00eda Chiacchio Cavana, exministra de Desarrollo Social de Capitanich, entrevistada por Norte, admiti\u00f3: \u201cLa realidad es que si no hay una soluci\u00f3n r\u00e1pida, El Impenetrable puede quedar sin electricidad este verano\u201d.<\/p>\n\n\n\n<p>Y admitiendo la necesidad de una respuesta urgente, analiz\u00f3: \u201cCreemos que ya en marzo se tendr\u00eda que haber preocupado el Ejecutivo por dar una respuesta a este problema. Aunque salga a esta altura del a\u00f1o la autorizaci\u00f3n para el endeudamiento, ya no habr\u00e1 tiempo para que se realicen las obras destinadas a paliar el d\u00e9ficit que dej\u00f3 el retiro de los generadores\u201d.<\/p>\n\n\n\n<p>La legisladora consider\u00f3 que un pr\u00e9stamo en d\u00f3lares equivaldr\u00eda a \u201chipotecar\u201d el futuro de los chaque\u00f1os, y se inclin\u00f3 por una alternativa en pesos. Y, haciendo n\u00fameros, estim\u00f3 que un presupuesto de entre 30 mil y 50 mil millones de pesos es suficiente para adquirir los generadores necesarios.<\/p>\n\n\n\n<p>As\u00ed, adhiri\u00f3 a la postura de la gesti\u00f3n de Zdero, que reprocha a Capitanich haber alquilado equipos tan costosos durante tantos a\u00f1os en vez de dotar a la provincia de grupos electr\u00f3genos propios.<\/p>\n","protected":false},"excerpt":{"rendered":"<p>\u201cLe pedimos al Gobierno un mont\u00f3n de cosas y nos olvidamos que gobernamos 16 a\u00f1os y no pudimos resolver problemas estructurales\u201d, dijo el intendente de Las Garcitas: el peronista Sergio Dolce, enfrent\u00e1ndose a la postura de los legisladores del Frente Chaque\u00f1o que rechazan in l\u00edmine la autorizaci\u00f3n solicitada por el gobernador Leandro Zdero para gestionar [&hellip;]<\/p>\n","protected":false},"author":1,"featured_media":8643,"comment_status":"open","ping_status":"open","sticky":false,"template":"","format":"standard","meta":{"footnotes":""},"categories":[27],"tags":[],"class_list":["post-8642","post","type-post","status-publish","format-standard","has-post-thumbnail","hentry","category-politica"],"_links":{"self":[{"href":"https:\/\/hdpnoticias.com.ar\/index.php?rest_route=\/wp\/v2\/posts\/8642","targetHints":{"allow":["GET"]}}],"collection":[{"href":"https:\/\/hdpnoticias.com.ar\/index.php?rest_route=\/wp\/v2\/posts"}],"about":[{"href":"https:\/\/hdpnoticias.com.ar\/index.php?rest_route=\/wp\/v2\/types\/post"}],"author":[{"embeddable":true,"href":"https:\/\/hdpnoticias.com.ar\/index.php?rest_route=\/wp\/v2\/users\/1"}],"replies":[{"embeddable":true,"href":"https:\/\/hdpnoticias.com.ar\/index.php?rest_route=%2Fwp%2Fv2%2Fcomments&post=8642"}],"version-history":[{"count":2,"href":"https:\/\/hdpnoticias.com.ar\/index.php?rest_route=\/wp\/v2\/posts\/8642\/revisions"}],"predecessor-version":[{"id":8646,"href":"https:\/\/hdpnoticias.com.ar\/index.php?rest_route=\/wp\/v2\/posts\/8642\/revisions\/8646"}],"wp:featuredmedia":[{"embeddable":true,"href":"https:\/\/hdpnoticias.com.ar\/index.php?rest_route=\/wp\/v2\/media\/8643"}],"wp:attachment":[{"href":"https:\/\/hdpnoticias.com.ar\/index.php?rest_route=%2Fwp%2Fv2%2Fmedia&parent=8642"}],"wp:term":[{"taxonomy":"category","embeddable":true,"href":"https:\/\/hdpnoticias.com.ar\/index.php?rest_route=%2Fwp%2Fv2%2Fcategories&post=8642"},{"taxonomy":"post_tag","embeddable":true,"href":"https:\/\/hdpnoticias.com.ar\/index.php?rest_route=%2Fwp%2Fv2%2Ftags&post=8642"}],"curies":[{"name":"wp","href":"https:\/\/api.w.org\/{rel}","templated":true}]}}