{"id":8636,"date":"2024-09-16T21:11:55","date_gmt":"2024-09-17T00:11:55","guid":{"rendered":"https:\/\/hdpnoticias.com.ar\/?p=8636"},"modified":"2024-09-16T21:11:57","modified_gmt":"2024-09-17T00:11:57","slug":"milei-retrocede-las-provincias-le-reclamaron-deudas-y-se-olvido-del-ajuste","status":"publish","type":"post","link":"https:\/\/hdpnoticias.com.ar\/?p=8636","title":{"rendered":"Milei retrocede: las Provincias le reclamaron deudas y se olvid\u00f3 del ajuste"},"content":{"rendered":"\n<figure class=\"wp-block-image size-full\"><img loading=\"lazy\" decoding=\"async\" width=\"720\" height=\"90\" src=\"http:\/\/hdpnoticias.com.ar\/wp-content\/uploads\/2024\/05\/Obras-Publicas.gif\" alt=\"\" class=\"wp-image-6818\"\/><\/figure>\n\n\n\n<p>\u201cNosotros ya hicimos el ajuste, ahora les toca a ustedes\u201d, dijo el presidente de la Naci\u00f3n: Javier Milei ante la Asamblea Legislativa reunida por \u00e9l para presentar el proyecto de ley de Presupuesto 2025.<\/p>\n\n\n\n<p>En ese tramo del discurso, apuntando a los gobernadores, dijo que las provincias deber\u00edan cumplir la promesa de austeridad y ajustar 60 mil millones de d\u00f3lares el pr\u00f3ximo a\u00f1o. Todos los consultores y economistas consideraron \u201cdescabellada\u201d la cifra.<\/p>\n\n\n\n<p>Tras el acto, en tono de campa\u00f1a, transmitido por Cadena Nacional, los gobernadores de Juntos por el Cambio exigieron una reun\u00f3n que se realiz\u00f3 este mismo lunes en modalidad virtual, con el jefe de Gabinete: Guillermo Francos, y el ministro de Econom\u00eda: Luis Caputo.<\/p>\n\n\n\n<p>El gobernador de Corrientes: Gustavo Vald\u00e9s, dijo haber quedado esperando los n\u00fameros. \u201cCuando hablamos de presupuesto esperamos escuchar n\u00fameros, no un discurso pol\u00edtico\u201d, dijo. Y asegur\u00f3 que su gobierno seguir\u00e1 gestionando como hasta ahora, atento a los intereses de los correntinos.<\/p>\n\n\n\n<p>El chaque\u00f1o Leandro Zdero se expres\u00f3 en el mismo sentido y dijo que Chaco no necesita ajustar, que lo que necesita es que la Naci\u00f3n le pague lo que le debe, principalmente en concepto de compensaci\u00f3n del sistema previsional. \u201cVamos a reclamar lo que nos corresponde, hasta el \u00faltimo peso\u201d, remarc\u00f3.<\/p>\n","protected":false},"excerpt":{"rendered":"<p>\u201cNosotros ya hicimos el ajuste, ahora les toca a ustedes\u201d, dijo el presidente de la Naci\u00f3n: Javier Milei ante la Asamblea Legislativa reunida por \u00e9l para presentar el proyecto de ley de Presupuesto 2025. En ese tramo del discurso, apuntando a los gobernadores, dijo que las provincias deber\u00edan cumplir la promesa de austeridad y ajustar [&hellip;]<\/p>\n","protected":false},"author":1,"featured_media":8637,"comment_status":"open","ping_status":"open","sticky":false,"template":"","format":"standard","meta":{"footnotes":""},"categories":[27],"tags":[],"class_list":["post-8636","post","type-post","status-publish","format-standard","has-post-thumbnail","hentry","category-politica"],"_links":{"self":[{"href":"https:\/\/hdpnoticias.com.ar\/index.php?rest_route=\/wp\/v2\/posts\/8636","targetHints":{"allow":["GET"]}}],"collection":[{"href":"https:\/\/hdpnoticias.com.ar\/index.php?rest_route=\/wp\/v2\/posts"}],"about":[{"href":"https:\/\/hdpnoticias.com.ar\/index.php?rest_route=\/wp\/v2\/types\/post"}],"author":[{"embeddable":true,"href":"https:\/\/hdpnoticias.com.ar\/index.php?rest_route=\/wp\/v2\/users\/1"}],"replies":[{"embeddable":true,"href":"https:\/\/hdpnoticias.com.ar\/index.php?rest_route=%2Fwp%2Fv2%2Fcomments&post=8636"}],"version-history":[{"count":1,"href":"https:\/\/hdpnoticias.com.ar\/index.php?rest_route=\/wp\/v2\/posts\/8636\/revisions"}],"predecessor-version":[{"id":8638,"href":"https:\/\/hdpnoticias.com.ar\/index.php?rest_route=\/wp\/v2\/posts\/8636\/revisions\/8638"}],"wp:featuredmedia":[{"embeddable":true,"href":"https:\/\/hdpnoticias.com.ar\/index.php?rest_route=\/wp\/v2\/media\/8637"}],"wp:attachment":[{"href":"https:\/\/hdpnoticias.com.ar\/index.php?rest_route=%2Fwp%2Fv2%2Fmedia&parent=8636"}],"wp:term":[{"taxonomy":"category","embeddable":true,"href":"https:\/\/hdpnoticias.com.ar\/index.php?rest_route=%2Fwp%2Fv2%2Fcategories&post=8636"},{"taxonomy":"post_tag","embeddable":true,"href":"https:\/\/hdpnoticias.com.ar\/index.php?rest_route=%2Fwp%2Fv2%2Ftags&post=8636"}],"curies":[{"name":"wp","href":"https:\/\/api.w.org\/{rel}","templated":true}]}}