{"id":8621,"date":"2024-09-15T22:45:12","date_gmt":"2024-09-16T01:45:12","guid":{"rendered":"https:\/\/hdpnoticias.com.ar\/?p=8621"},"modified":"2024-09-15T22:51:33","modified_gmt":"2024-09-16T01:51:33","slug":"milei-apreto-a-las-provincias-nosotros-ya-ajustamos-ahora-ajusten-ustedes","status":"publish","type":"post","link":"https:\/\/hdpnoticias.com.ar\/?p=8621","title":{"rendered":"Milei apret\u00f3 a las provincias: Yo ya ajust\u00e9, ahora ajusten ustedes"},"content":{"rendered":"\n<figure class=\"wp-block-image size-full\"><img loading=\"lazy\" decoding=\"async\" width=\"720\" height=\"90\" src=\"http:\/\/hdpnoticias.com.ar\/wp-content\/uploads\/2024\/05\/Copy-of-720x90-1.gif\" alt=\"\" class=\"wp-image-6806\"\/><\/figure>\n\n\n\n<p>El Presidente de la Naci\u00f3n: Javier Milei, reuni\u00f3 este domingo a la Asamblea Legislativa en el Congreso para presentar su proyecto de Presupuesto 2025.<\/p>\n\n\n\n<p>En un discurso de alrededor de 45 minutos, colmado de frases hechas para remarcar sus proclamas, y en tono de campa\u00f1a en el que busc\u00f3 polarizar enfrentando al kirchnerismo, no ofreci\u00f3 precisiones sino s\u00f3lo lineamentos generales.<\/p>\n\n\n\n<p>Entre otras cosas, remarc\u00f3 que recibi\u00f3 \u201cla peor herencia de la historia argentina\u201d, y asever\u00f3: \u201cEn un a\u00f1o resolvimos el desastre que hicieron nuestros predecesores durante m\u00e1s de un siglo\u201d.<\/p>\n\n\n\n<p>Al referirse a la relaci\u00f3n entre la Naci\u00f3n y las Provincias, dividi\u00f3 las transferencias autom\u00e1ticas y las \u201cdiscrecionales\u201d. Y adelant\u00f3 que, como estipula la ley de coparticipaci\u00f3n, las autom\u00e1ticas ser\u00e1n actualizadas en funci\u00f3n de los ingresos y de la inflaci\u00f3n, pero que las discrecionales estar\u00e1n congeladas durante todo el a\u00f1o.<\/p>\n\n\n\n<p>Pero fue a\u00fan m\u00e1s enf\u00e1tico al reclamarle a los gobernadores un plan de ajuste: \u201cNosotros ya ajustamos lo que ten\u00edamos que ajustar, ahora faltan ustedes\u201d, dijo, y calcul\u00f3 que ese ajuste debe ser de 60 mil millones de d\u00f3lares el pr\u00f3ximo a\u00f1o.<\/p>\n\n\n\n<p>\u201cLos argentinos de bien no van a permitir que cuando la Naci\u00f3n baje sus impuestos ustedes aprovechen para subir los suyos\u201d, sentenci\u00f3.<\/p>\n\n\n\n<p>\u201cNo subestimen a los argentinos. Yo dije que no ven\u00eda a guiar corderos sino a despertar leones. Y por si no lo han visto, o no lo quieren ver, los leones han despertado\u201d, remat\u00f3.<\/p>\n\n\n\n<p>Y para finalizar, dijo que los legisladores tienen 2 opciones: \u201dhacer exactamente lo contrario a lo que venimos haciendo hace 100 a\u00f1os o mantener el sistema putrefacto que empobrece a los argentinos\u201d. Y defini\u00f3 a los que coincidan con \u00e9l como \u201clos justos\u201d y a sus detractores como \u201cratas miserables\u201d.<\/p>\n\n\n\n<p>Todo fue seguido atentamente por una mayor\u00eda integrada por sus partidarios, y desde un palco lo observaron sus padres y la primera dama Amalia \u201cYuyiro\u201d Gonz\u00e1lez que esta noche conoci\u00f3 a sus suegros y anunci\u00f3 que el d\u00eda terminar\u00eda con un asado familiar en la Quinta de Olivos.<\/p>\n","protected":false},"excerpt":{"rendered":"<p>El Presidente de la Naci\u00f3n: Javier Milei, reuni\u00f3 este domingo a la Asamblea Legislativa en el Congreso para presentar su proyecto de Presupuesto 2025. En un discurso de alrededor de 45 minutos, colmado de frases hechas para remarcar sus proclamas, y en tono de campa\u00f1a en el que busc\u00f3 polarizar enfrentando al kirchnerismo, no ofreci\u00f3 [&hellip;]<\/p>\n","protected":false},"author":1,"featured_media":8622,"comment_status":"open","ping_status":"open","sticky":false,"template":"","format":"standard","meta":{"footnotes":""},"categories":[27],"tags":[],"class_list":["post-8621","post","type-post","status-publish","format-standard","has-post-thumbnail","hentry","category-politica"],"_links":{"self":[{"href":"https:\/\/hdpnoticias.com.ar\/index.php?rest_route=\/wp\/v2\/posts\/8621","targetHints":{"allow":["GET"]}}],"collection":[{"href":"https:\/\/hdpnoticias.com.ar\/index.php?rest_route=\/wp\/v2\/posts"}],"about":[{"href":"https:\/\/hdpnoticias.com.ar\/index.php?rest_route=\/wp\/v2\/types\/post"}],"author":[{"embeddable":true,"href":"https:\/\/hdpnoticias.com.ar\/index.php?rest_route=\/wp\/v2\/users\/1"}],"replies":[{"embeddable":true,"href":"https:\/\/hdpnoticias.com.ar\/index.php?rest_route=%2Fwp%2Fv2%2Fcomments&post=8621"}],"version-history":[{"count":3,"href":"https:\/\/hdpnoticias.com.ar\/index.php?rest_route=\/wp\/v2\/posts\/8621\/revisions"}],"predecessor-version":[{"id":8626,"href":"https:\/\/hdpnoticias.com.ar\/index.php?rest_route=\/wp\/v2\/posts\/8621\/revisions\/8626"}],"wp:featuredmedia":[{"embeddable":true,"href":"https:\/\/hdpnoticias.com.ar\/index.php?rest_route=\/wp\/v2\/media\/8622"}],"wp:attachment":[{"href":"https:\/\/hdpnoticias.com.ar\/index.php?rest_route=%2Fwp%2Fv2%2Fmedia&parent=8621"}],"wp:term":[{"taxonomy":"category","embeddable":true,"href":"https:\/\/hdpnoticias.com.ar\/index.php?rest_route=%2Fwp%2Fv2%2Fcategories&post=8621"},{"taxonomy":"post_tag","embeddable":true,"href":"https:\/\/hdpnoticias.com.ar\/index.php?rest_route=%2Fwp%2Fv2%2Ftags&post=8621"}],"curies":[{"name":"wp","href":"https:\/\/api.w.org\/{rel}","templated":true}]}}