{"id":8586,"date":"2024-09-12T22:32:47","date_gmt":"2024-09-13T01:32:47","guid":{"rendered":"https:\/\/hdpnoticias.com.ar\/?p=8586"},"modified":"2024-10-10T11:06:06","modified_gmt":"2024-10-10T14:06:06","slug":"el-iafep-de-capitanich-le-dio-a-tito-lopez-mas-de-162-millones-de-pesos-en-2-anos","status":"publish","type":"post","link":"https:\/\/hdpnoticias.com.ar\/?p=8586","title":{"rendered":"El Iafep de Capitanich le dio a Tito L\u00f3pez m\u00e1s de 162 millones de pesos en 2 a\u00f1os"},"content":{"rendered":"\n<figure class=\"wp-block-image size-full\"><img loading=\"lazy\" decoding=\"async\" width=\"720\" height=\"90\" src=\"http:\/\/hdpnoticias.com.ar\/wp-content\/uploads\/2024\/05\/Obras-Publicas.gif\" alt=\"\" class=\"wp-image-6818\"\/><\/figure>\n\n\n\n<p>Tito L\u00f3pez, el l\u00edder del Movimiento de Trabajadores Desocupados 17 de Julio, fue detenido por el juez federal 2 de Resistencia: Ricardo Mi\u00e1novich, a instancias del fiscal federal Patricio Sabadini, que lo investiga por lavado de activos y asociaci\u00f3n il\u00edcita.<\/p>\n\n\n\n<p>La orden de detenci\u00f3n alcanz\u00f3 a su esposa Librada Romero, sus hijos David, Walter y Daniel L\u00f3pez, adem\u00e1s de su nuera D\u00e9bora Acosta. Excepto uno de sus hijos, que est\u00e1 regresando de un viaje a Chile, los otros integrantes de la familia ya fueron encarcelados.<\/p>\n\n\n\n<p>El fiscal est\u00e1 convencido de que el piquero mont\u00f3 una organizaci\u00f3n para apoderarse de fondos p\u00fablicos con la connivencia de altos funcionarios del Gobierno provincial, con lo que adquiri\u00f3 inmuebles y otros bienes, muchos de ellos adjudicados a precio vil por el propio Estado.<\/p>\n\n\n\n<p>Entre otros mecanismos para captar fondos, el ya denominado \u201cClan L\u00f3pez\u201d, conform\u00f3 fundaciones que facturaban montos multimillonarios por obras que no se ejecutaban, encargadas por los Ministerios de Infraestructura y Gobierno, y el Instituto de Agricultura Familiar y Econom\u00eda Popular (Iafep).<\/p>\n\n\n\n<p>Este \u00faltimo fue creado por el exgobernador Jorge Capitanich, promediando su \u00faltimo gobierno, tras la disoluci\u00f3n de la Secretar\u00eda de Econom\u00eda Popular, y puso al frente del mismo a Mauricio Andi\u00f3n. Y recientemente fue disuelto por decisi\u00f3n del gobernador Leandro Zdero al descubrir una gran cantidad de hechos de corrupci\u00f3n y manejos pocos transparentes.<\/p>\n\n\n\n<p>La primera fue la Fundaci\u00f3n Buen Vivir y Trabajo, creada por Walter L\u00f3pez en enero 2017, que desde eses momento y hasta 2019, durante el gobierno de Domingo Peppo, recibi\u00f3 fondos del Ministerio de Infraestructura, Obras y Servicios P\u00fablicos que encabezaba Fabi\u00e1n Echezarreta.<\/p>\n\n\n\n<p>Pero sus mayores ingresos se dieron tras la asunci\u00f3n de Capitanich: en 2020 y 2021, en plena pandemia, libr\u00f3 comprobantes por m\u00e1s de 2 millones de pesos anuales. Y en 2022 factur\u00f3 al Iafep 12.096.000 pesos, m\u00e1s 29.540.708 en 2023.<\/p>\n\n\n\n<p>En mayo de 2019, David L\u00f3pez cre\u00f3 otra fuente de ingresos: la Fundaci\u00f3n Los Due\u00f1os de la Raza, que en 2020 factur\u00f3 509.265 pesos al Ministerio de Gobierno que encarnaba Juan Manuel Chapo. Y en 2022 y 2023 firm\u00f3 convenios exclusivamente con el Iafep, de donde obtuvo 2.610.000 y 71.007.984 pesos, respectivamente.<\/p>\n\n\n\n<p>La m\u00e1s novel de las fundaciones de los L\u00f3pez es \u201cConstruyendo Pa\u00eds\u201d, creada por Daniel L\u00f3pez en mayo de 2022. Ese a\u00f1o factur\u00f3 al Iafep 570.000 pesos, y pero la recaudaci\u00f3n repunt\u00f3 en 2023, de acuerdo a los comprobantes emitidos al mismo organismo por 46.605.004 pesos.<\/p>\n\n\n\n<p>Para los investigadores, no hay relaci\u00f3n entre los millonarios montos facturados y los exiguos gastos declarados por las fundaciones. Adem\u00e1s de no comprar insumos de ning\u00fan tipo, las organizaciones no tienen bienes y empleados, no pagan impuestos y no tiene oficinas, ya que figuran como radicadas en domicilios de la familia L\u00f3pez.<\/p>\n","protected":false},"excerpt":{"rendered":"<p>Tito L\u00f3pez, el l\u00edder del Movimiento de Trabajadores Desocupados 17 de Julio, fue detenido por el juez federal 2 de Resistencia: Ricardo Mi\u00e1novich, a instancias del fiscal federal Patricio Sabadini, que lo investiga por lavado de activos y asociaci\u00f3n il\u00edcita. La orden de detenci\u00f3n alcanz\u00f3 a su esposa Librada Romero, sus hijos David, Walter y [&hellip;]<\/p>\n","protected":false},"author":1,"featured_media":4300,"comment_status":"open","ping_status":"open","sticky":false,"template":"","format":"standard","meta":{"footnotes":""},"categories":[27],"tags":[],"class_list":["post-8586","post","type-post","status-publish","format-standard","has-post-thumbnail","hentry","category-politica"],"_links":{"self":[{"href":"https:\/\/hdpnoticias.com.ar\/index.php?rest_route=\/wp\/v2\/posts\/8586","targetHints":{"allow":["GET"]}}],"collection":[{"href":"https:\/\/hdpnoticias.com.ar\/index.php?rest_route=\/wp\/v2\/posts"}],"about":[{"href":"https:\/\/hdpnoticias.com.ar\/index.php?rest_route=\/wp\/v2\/types\/post"}],"author":[{"embeddable":true,"href":"https:\/\/hdpnoticias.com.ar\/index.php?rest_route=\/wp\/v2\/users\/1"}],"replies":[{"embeddable":true,"href":"https:\/\/hdpnoticias.com.ar\/index.php?rest_route=%2Fwp%2Fv2%2Fcomments&post=8586"}],"version-history":[{"count":1,"href":"https:\/\/hdpnoticias.com.ar\/index.php?rest_route=\/wp\/v2\/posts\/8586\/revisions"}],"predecessor-version":[{"id":8587,"href":"https:\/\/hdpnoticias.com.ar\/index.php?rest_route=\/wp\/v2\/posts\/8586\/revisions\/8587"}],"wp:featuredmedia":[{"embeddable":true,"href":"https:\/\/hdpnoticias.com.ar\/index.php?rest_route=\/wp\/v2\/media\/4300"}],"wp:attachment":[{"href":"https:\/\/hdpnoticias.com.ar\/index.php?rest_route=%2Fwp%2Fv2%2Fmedia&parent=8586"}],"wp:term":[{"taxonomy":"category","embeddable":true,"href":"https:\/\/hdpnoticias.com.ar\/index.php?rest_route=%2Fwp%2Fv2%2Fcategories&post=8586"},{"taxonomy":"post_tag","embeddable":true,"href":"https:\/\/hdpnoticias.com.ar\/index.php?rest_route=%2Fwp%2Fv2%2Ftags&post=8586"}],"curies":[{"name":"wp","href":"https:\/\/api.w.org\/{rel}","templated":true}]}}