{"id":8575,"date":"2024-09-11T16:48:31","date_gmt":"2024-09-11T19:48:31","guid":{"rendered":"https:\/\/hdpnoticias.com.ar\/?p=8575"},"modified":"2024-09-11T16:48:32","modified_gmt":"2024-09-11T19:48:32","slug":"formula-jubilatoria-algunos-radicales-se-dieron-vuelta-y-avalaron-el-veto-de-milei","status":"publish","type":"post","link":"https:\/\/hdpnoticias.com.ar\/?p=8575","title":{"rendered":"F\u00f3rmula jubilatoria: algunos radicales se dieron vuelta y avalaron el veto de Milei"},"content":{"rendered":"\n<figure class=\"wp-block-image size-full\"><img loading=\"lazy\" decoding=\"async\" width=\"720\" height=\"90\" src=\"http:\/\/hdpnoticias.com.ar\/wp-content\/uploads\/2024\/05\/Copy-of-720x90-1.gif\" alt=\"\" class=\"wp-image-6806\"\/><\/figure>\n\n\n\n<p>La oposici\u00f3n fracas\u00f3 este mi\u00e9rcoles en su intento de revertir el veto presidencial de Javier Milei a la nueva f\u00f3rmula de movilidad jubilatoria en la C\u00e1mara de Diputados.<\/p>\n\n\n\n<p>El Gobierno necesitaba 85 votos para sostener el veto pero los giros en el bloque de la UCR y de Innovaci\u00f3n Federal le dieron un par de votos extras: el resultado final fue 153 a favor, 87 en contra y 8 abstenciones.<\/p>\n\n\n\n<p>Las primeras se\u00f1ales de la victoria libertaria se conocieron ayer, cuando un grupo de cinco diputados radicales: Mart\u00edn Arjol, Luis Picat, Jos\u00e9 Federico Tournier, Mariano Campero y Pablo Cervi, que se fotografiaron junto al Presidente en la Casa Rosada, dejando en claro que votar\u00edan en contra del proyecto que ellos mismos hab\u00edan aprobado en junio.<\/p>\n\n\n\n<p>A eso se sumaron luego las ausencias de Roxana Reyes y Gerardo Cipolini.<\/p>\n\n\n\n<p>La foto caus\u00f3 un cimbronazo dentro del bloque que conduce Rodrigo de Loredo. Hubo reproches en privado, escraches p\u00fablicos y hasta amenazas de medidas disciplinarias contra los \u201cradicales L\u201d. \u201cRoma no paga traidores y el pueblo tampoco los vota\u201d, arremeti\u00f3 la diputada Danya Tavela, que responde a la l\u00ednea interna Mart\u00edn Lousteau-Emiliano Yacobitti, en referencia a sus compa\u00f1eros d\u00edscolos.<\/p>\n\n\n\n<p>Debido a que el proyecto lleg\u00f3 al recinto sin dictamen de comisi\u00f3n, se necesitaba habilitar su tratamiento sobre tablas con dos tercios de los presentes, la misma mayor\u00eda agravada que se necesitaba para su aprobaci\u00f3n. La habilitaci\u00f3n se aprob\u00f3 a mano alzada incluso con el aval del oficialismo, que al tener los votos para blindar el veto, prefer\u00eda avanzar con la votaci\u00f3n para evitar que el tema vuelva a comisi\u00f3n y se prolongue la discusi\u00f3n.<\/p>\n\n\n\n<p>Antes de que comenzara el debate formalmente la C\u00e1mara acept\u00f3 la renuncia del radical entrerriano Pedro Galimberti para desempe\u00f1arse en la Comisi\u00f3n T\u00e9cnica Mixta de Salto Grande. Fue reemplazado por Nancy Ballejos, del PRO, que sum\u00f3 otro voto en contra de la insistencia.<\/p>\n\n\n\n<p>La ley sancionada hace apenas tres semanas en el Senado establec\u00eda una actualizaci\u00f3n por IPC de las jubilaciones m\u00e1s un plus de 8,1% retroactivo a enero. Tambi\u00e9n inclu\u00eda el pago de las deudas de las cajas previsionales provinciales -13 distritos no transfirieron a Naci\u00f3n-, el desembolso de todos los juicios previsionales con sentencia firme y un aumento anual adicional en marzo seg\u00fan la diferencia entre el \u00edndice Ripte y el IPC.<\/p>\n\n\n\n<p>Desde el principio el propio Milei hab\u00eda adelantado que la vetar\u00eda la ley porque implicaba un costo fiscal de 1,2 puntos del PBI que arruinar\u00eda el super\u00e1vit fiscal, base de su programa econ\u00f3mico.<\/p>\n\n\n\n<p>El bloque Innovaci\u00f3n Federal, que tiene 8 integrantes de R\u00edo Negro, Salta y Misiones, y en junio hab\u00eda votado un\u00e1nimemente a favor de la nueva f\u00f3rmula y presion\u00f3 para incluir los pagos a las cajas previsionales provinciales, ahora se abstuvo.<\/p>\n","protected":false},"excerpt":{"rendered":"<p>La oposici\u00f3n fracas\u00f3 este mi\u00e9rcoles en su intento de revertir el veto presidencial de Javier Milei a la nueva f\u00f3rmula de movilidad jubilatoria en la C\u00e1mara de Diputados. El Gobierno necesitaba 85 votos para sostener el veto pero los giros en el bloque de la UCR y de Innovaci\u00f3n Federal le dieron un par de [&hellip;]<\/p>\n","protected":false},"author":1,"featured_media":5121,"comment_status":"open","ping_status":"open","sticky":false,"template":"","format":"standard","meta":{"footnotes":""},"categories":[27],"tags":[],"class_list":["post-8575","post","type-post","status-publish","format-standard","has-post-thumbnail","hentry","category-politica"],"_links":{"self":[{"href":"https:\/\/hdpnoticias.com.ar\/index.php?rest_route=\/wp\/v2\/posts\/8575","targetHints":{"allow":["GET"]}}],"collection":[{"href":"https:\/\/hdpnoticias.com.ar\/index.php?rest_route=\/wp\/v2\/posts"}],"about":[{"href":"https:\/\/hdpnoticias.com.ar\/index.php?rest_route=\/wp\/v2\/types\/post"}],"author":[{"embeddable":true,"href":"https:\/\/hdpnoticias.com.ar\/index.php?rest_route=\/wp\/v2\/users\/1"}],"replies":[{"embeddable":true,"href":"https:\/\/hdpnoticias.com.ar\/index.php?rest_route=%2Fwp%2Fv2%2Fcomments&post=8575"}],"version-history":[{"count":1,"href":"https:\/\/hdpnoticias.com.ar\/index.php?rest_route=\/wp\/v2\/posts\/8575\/revisions"}],"predecessor-version":[{"id":8576,"href":"https:\/\/hdpnoticias.com.ar\/index.php?rest_route=\/wp\/v2\/posts\/8575\/revisions\/8576"}],"wp:featuredmedia":[{"embeddable":true,"href":"https:\/\/hdpnoticias.com.ar\/index.php?rest_route=\/wp\/v2\/media\/5121"}],"wp:attachment":[{"href":"https:\/\/hdpnoticias.com.ar\/index.php?rest_route=%2Fwp%2Fv2%2Fmedia&parent=8575"}],"wp:term":[{"taxonomy":"category","embeddable":true,"href":"https:\/\/hdpnoticias.com.ar\/index.php?rest_route=%2Fwp%2Fv2%2Fcategories&post=8575"},{"taxonomy":"post_tag","embeddable":true,"href":"https:\/\/hdpnoticias.com.ar\/index.php?rest_route=%2Fwp%2Fv2%2Ftags&post=8575"}],"curies":[{"name":"wp","href":"https:\/\/api.w.org\/{rel}","templated":true}]}}