{"id":8511,"date":"2024-09-06T07:50:04","date_gmt":"2024-09-06T10:50:04","guid":{"rendered":"https:\/\/hdpnoticias.com.ar\/?p=8511"},"modified":"2024-09-06T07:54:43","modified_gmt":"2024-09-06T10:54:43","slug":"capitanich-todavia-no-reconoce-la-derrota-dice-que-fue-destituido-con-mentiras","status":"publish","type":"post","link":"https:\/\/hdpnoticias.com.ar\/?p=8511","title":{"rendered":"Capitanich todav\u00eda no reconoce la derrota: dice que fue destituido con mentiras"},"content":{"rendered":"\n<figure class=\"wp-block-image size-full\"><img loading=\"lazy\" decoding=\"async\" width=\"720\" height=\"90\" src=\"http:\/\/hdpnoticias.com.ar\/wp-content\/uploads\/2024\/05\/Copy-of-720x90-1.gif\" alt=\"\" class=\"wp-image-6806\"\/><\/figure>\n\n\n\n<p>A d\u00edas de cumplirse un a\u00f1o de su derrota en primera vuelta en las \u00faltimas elecciones gubernamentales ante el radical Leandro Zdero, el exgobernador Jorge Capitanich a\u00fan no asimila lo que \u00e9l mismo llam\u00f3 en su momento \u201cel mensaje de las urnas\u201d.<\/p>\n\n\n\n<p>En una de sus recientes reapariciones, descalific\u00f3 la voluntad popular enmarc\u00e1ndola como \u201cdestituci\u00f3n\u201d.<\/p>\n\n\n\n<p>\u201cMe banqu\u00e9 que hayan transformado un hecho policial en una operaci\u00f3n pol\u00edtica para destituirnos, donde el fiscal de la causa es ministro del Gobierno actual, con toneladas de plata para difamar\u201d, dijo, entrevistado por Roberto Espinoza.<\/p>\n\n\n\n<p>As\u00ed se refiri\u00f3 al asesinato de Cecilia Strzyzowski, de 28 a\u00f1os, ocurrido el 2 de junio en plena campa\u00f1a proselitista, por el que est\u00e1n acusados y detenidos su pareja: C\u00e9sar Sena, y los padres de \u00e9ste: los dirigentes sociales Emerenciano Sena y Marcela Acu\u00f1a, que entonces eran candidatos del Frente Chaque\u00f1o de Capitanich.<\/p>\n\n\n\n<p>El exgobernador no s\u00f3lo apunt\u00f3 por esto a sus adversarios pol\u00edticos, sino tambi\u00e9n a sus propios partidarios: \u201cHubo fuego amigo, nacional y provincial, para destituirnos y dividirnos para impedirnos ganar\u201d, asever\u00f3.<\/p>\n\n\n\n<p>Seg\u00fan \u00e9l, esa animosidad en su contra se extiende hasta hoy: \u201cTodo el tiempo me entero de operadores pol\u00edticos tratando de pagar periodistas para hacer denuncias falsas, dudando o pretendiendo dudar de una moralidad que exhibo con orgullo\u201d, complet\u00f3, aparentemente, en alusi\u00f3n a la reciente denuncia de un <strong><a href=\"https:\/\/hdpnoticias.com.ar\/?p=8436\">docente de 50 a\u00f1os que lo acus\u00f3 de haber abusado sexualmente de \u00e9l<\/a><\/strong> en su adolescencia, y al emplazamiento que le habr\u00eda hecho una dirigente de su espacio <strong><a href=\"https:\/\/hdpnoticias.com.ar\/?p=8481\">para que reconociera formalmente como propio a su hijo<\/a><\/strong> de 14 a\u00f1os.<\/p>\n\n\n\n<p>Y para completar, se compar\u00f3 con Per\u00f3n: &#8220;Tratan todo el tiempo de deteriorar el legado, como lo hicieron con Per\u00f3n, pero despu\u00e9s de 18 a\u00f1os volvi\u00f3 con el 63% de los votos&#8221;.<\/p>\n\n\n\n<p>Mientras, resiste al reclamo de dirigentes del Partido Justicialista que consideran que <strong><a href=\"https:\/\/hdpnoticias.com.ar\/?p=8473\">no se puede avanzar hacia un nuevo escenario electoral sin una profunda autocr\u00edtica<\/a><\/strong> que explique los \u00faltimos resultados electorales.<\/p>\n","protected":false},"excerpt":{"rendered":"<p>A d\u00edas de cumplirse un a\u00f1o de su derrota en primera vuelta en las \u00faltimas elecciones gubernamentales ante el radical Leandro Zdero, el exgobernador Jorge Capitanich a\u00fan no asimila lo que \u00e9l mismo llam\u00f3 en su momento \u201cel mensaje de las urnas\u201d. En una de sus recientes reapariciones, descalific\u00f3 la voluntad popular enmarc\u00e1ndola como \u201cdestituci\u00f3n\u201d. [&hellip;]<\/p>\n","protected":false},"author":1,"featured_media":3636,"comment_status":"open","ping_status":"open","sticky":false,"template":"","format":"standard","meta":{"footnotes":""},"categories":[27],"tags":[],"class_list":["post-8511","post","type-post","status-publish","format-standard","has-post-thumbnail","hentry","category-politica"],"_links":{"self":[{"href":"https:\/\/hdpnoticias.com.ar\/index.php?rest_route=\/wp\/v2\/posts\/8511","targetHints":{"allow":["GET"]}}],"collection":[{"href":"https:\/\/hdpnoticias.com.ar\/index.php?rest_route=\/wp\/v2\/posts"}],"about":[{"href":"https:\/\/hdpnoticias.com.ar\/index.php?rest_route=\/wp\/v2\/types\/post"}],"author":[{"embeddable":true,"href":"https:\/\/hdpnoticias.com.ar\/index.php?rest_route=\/wp\/v2\/users\/1"}],"replies":[{"embeddable":true,"href":"https:\/\/hdpnoticias.com.ar\/index.php?rest_route=%2Fwp%2Fv2%2Fcomments&post=8511"}],"version-history":[{"count":2,"href":"https:\/\/hdpnoticias.com.ar\/index.php?rest_route=\/wp\/v2\/posts\/8511\/revisions"}],"predecessor-version":[{"id":8514,"href":"https:\/\/hdpnoticias.com.ar\/index.php?rest_route=\/wp\/v2\/posts\/8511\/revisions\/8514"}],"wp:featuredmedia":[{"embeddable":true,"href":"https:\/\/hdpnoticias.com.ar\/index.php?rest_route=\/wp\/v2\/media\/3636"}],"wp:attachment":[{"href":"https:\/\/hdpnoticias.com.ar\/index.php?rest_route=%2Fwp%2Fv2%2Fmedia&parent=8511"}],"wp:term":[{"taxonomy":"category","embeddable":true,"href":"https:\/\/hdpnoticias.com.ar\/index.php?rest_route=%2Fwp%2Fv2%2Fcategories&post=8511"},{"taxonomy":"post_tag","embeddable":true,"href":"https:\/\/hdpnoticias.com.ar\/index.php?rest_route=%2Fwp%2Fv2%2Ftags&post=8511"}],"curies":[{"name":"wp","href":"https:\/\/api.w.org\/{rel}","templated":true}]}}