{"id":8473,"date":"2024-09-03T20:50:23","date_gmt":"2024-09-03T23:50:23","guid":{"rendered":"https:\/\/hdpnoticias.com.ar\/?p=8473"},"modified":"2024-09-03T20:50:25","modified_gmt":"2024-09-03T23:50:25","slug":"capitanich-no-quiere-autocritica-eso-es-para-el-partido-comunista-o-el-partido-obrero","status":"publish","type":"post","link":"https:\/\/hdpnoticias.com.ar\/?p=8473","title":{"rendered":"Capitanich no quiere autocr\u00edtica: Eso es para el Partido Comunista o el Partido Obrero"},"content":{"rendered":"\n<figure class=\"wp-block-image size-full\"><img loading=\"lazy\" decoding=\"async\" width=\"720\" height=\"90\" src=\"http:\/\/hdpnoticias.com.ar\/wp-content\/uploads\/2024\/05\/Copy-of-720x90-1.gif\" alt=\"\" class=\"wp-image-6806\"\/><\/figure>\n\n\n\n<p>El exgobernador Jorge Capitanich descart\u00f3 de plano el planteo de sectores del peronismo que le demandan autocr\u00edtica para poner a la luz las razones de la derrota electoral que sufri\u00f3 el a\u00f1o pasado en primera vuelta frente al radical Leandro Zdero y desaloj\u00f3 al Partido Justicialista de la Casa de Gobierno despu\u00e9s de 16 a\u00f1os.<\/p>\n\n\n\n<p>\u201cMe parece muy importante que todos los que quieran confrontar pol\u00edticamente lo hagan el pr\u00f3ximo a\u00f1o\u201d, dijo, entrevistado por Roberto Espinoza, dirigi\u00e9ndose a \u201clos sectores que lo hicieron el a\u00f1o pasado y sacaron: uno el 5%, otro 2,5 y el \u00faltimo 1,6\u201d, en obvia alusi\u00f3n al resultado alcanzado en las generales por el CER liderado por Gustavo Mart\u00ednez, y el Frente Integrador encabezado por el exvicegobernador Juan Carlos Bacileff Ivanoff; y a la performance de Todos Unidos, del exgobernador Domingo Peppo, en las Paso; a pesar de que los 3 presentaron propuestas por fuera del PJ.<\/p>\n\n\n\n<p>En el mismo tono record\u00f3 que en 2011 se enfrent\u00f3 a otra propuesta interna y consigui\u00f3 el 92% de los votos y compar\u00f3: \u201cSi se toma lo del a\u00f1o pasado como una interna, fue tambi\u00e9n lo mismo: 78-80% frente a una distribuci\u00f3n asim\u00e9trica de los otros sectores\u201d.<\/p>\n\n\n\n<p>Para \u00e9l, en el peronismo hay \u201cdiferencias y es natural que as\u00ed sea porque es un movimiento\u201d, y \u201cno existe disciplina partidaria vinculada a un conocimiento un\u00edvoco\u201d.<\/p>\n\n\n\n<p>Y para redondear descart\u00f3 atribuir alguna incidencia en la derrota a posibles errores de su gesti\u00f3n ya que considera que el balance de esta es holgadamente positivo. \u201cEse tema de entender la autocr\u00edtica o no es parte de los congresos del Partido Comunista, o del Partido Obrero, o de otras miradas y expresiones que siempre existen porque muchas veces no tienen la posibilidad de gobernar\u201d.<\/p>\n\n\n\n<p>Mientras, a punto de cumplirse el primer aniversario de la ca\u00edda electoral del Frente Chaque\u00f1o, sus partidarios insisten en que la autocr\u00edtica es fundamental para bosquejar el escenario electoral 2025.<\/p>\n","protected":false},"excerpt":{"rendered":"<p>El exgobernador Jorge Capitanich descart\u00f3 de plano el planteo de sectores del peronismo que le demandan autocr\u00edtica para poner a la luz las razones de la derrota electoral que sufri\u00f3 el a\u00f1o pasado en primera vuelta frente al radical Leandro Zdero y desaloj\u00f3 al Partido Justicialista de la Casa de Gobierno despu\u00e9s de 16 a\u00f1os. [&hellip;]<\/p>\n","protected":false},"author":1,"featured_media":3771,"comment_status":"open","ping_status":"open","sticky":false,"template":"","format":"standard","meta":{"footnotes":""},"categories":[27],"tags":[],"class_list":["post-8473","post","type-post","status-publish","format-standard","has-post-thumbnail","hentry","category-politica"],"_links":{"self":[{"href":"https:\/\/hdpnoticias.com.ar\/index.php?rest_route=\/wp\/v2\/posts\/8473","targetHints":{"allow":["GET"]}}],"collection":[{"href":"https:\/\/hdpnoticias.com.ar\/index.php?rest_route=\/wp\/v2\/posts"}],"about":[{"href":"https:\/\/hdpnoticias.com.ar\/index.php?rest_route=\/wp\/v2\/types\/post"}],"author":[{"embeddable":true,"href":"https:\/\/hdpnoticias.com.ar\/index.php?rest_route=\/wp\/v2\/users\/1"}],"replies":[{"embeddable":true,"href":"https:\/\/hdpnoticias.com.ar\/index.php?rest_route=%2Fwp%2Fv2%2Fcomments&post=8473"}],"version-history":[{"count":1,"href":"https:\/\/hdpnoticias.com.ar\/index.php?rest_route=\/wp\/v2\/posts\/8473\/revisions"}],"predecessor-version":[{"id":8474,"href":"https:\/\/hdpnoticias.com.ar\/index.php?rest_route=\/wp\/v2\/posts\/8473\/revisions\/8474"}],"wp:featuredmedia":[{"embeddable":true,"href":"https:\/\/hdpnoticias.com.ar\/index.php?rest_route=\/wp\/v2\/media\/3771"}],"wp:attachment":[{"href":"https:\/\/hdpnoticias.com.ar\/index.php?rest_route=%2Fwp%2Fv2%2Fmedia&parent=8473"}],"wp:term":[{"taxonomy":"category","embeddable":true,"href":"https:\/\/hdpnoticias.com.ar\/index.php?rest_route=%2Fwp%2Fv2%2Fcategories&post=8473"},{"taxonomy":"post_tag","embeddable":true,"href":"https:\/\/hdpnoticias.com.ar\/index.php?rest_route=%2Fwp%2Fv2%2Ftags&post=8473"}],"curies":[{"name":"wp","href":"https:\/\/api.w.org\/{rel}","templated":true}]}}