{"id":8393,"date":"2024-08-29T07:58:02","date_gmt":"2024-08-29T10:58:02","guid":{"rendered":"https:\/\/hdpnoticias.com.ar\/?p=8393"},"modified":"2024-08-29T07:58:04","modified_gmt":"2024-08-29T10:58:04","slug":"perez-pons-vuelve-a-reciclarse-y-lanza-su-propio-espacio-politico","status":"publish","type":"post","link":"https:\/\/hdpnoticias.com.ar\/?p=8393","title":{"rendered":"P\u00e9rez Pons vuelve a reciclarse y lanza su propio espacio pol\u00edtico"},"content":{"rendered":"\n<figure class=\"wp-block-image size-full\"><img loading=\"lazy\" decoding=\"async\" width=\"728\" height=\"90\" src=\"http:\/\/hdpnoticias.com.ar\/wp-content\/uploads\/2024\/05\/Nachec.gif\" alt=\"\" class=\"wp-image-6814\"\/><\/figure>\n\n\n\n<p>El diputado provincial Santiago P\u00e9rez Pons, del Frente Chaque\u00f1o, inici\u00f3 su carrera en la funci\u00f3n p\u00fablica como funcionario de los gobiernos de Mauricio Macri y Mar\u00eda Eugenia Vidal.<\/p>\n\n\n\n<p>Tras la derrota de Macri en 2019 ante Alberto Fern\u00e1ndez, candidato del Frente de Todos liderado por Cristina Fern\u00e1ndez, peg\u00f3 el salto kirchnerismo y se incorpor\u00f3 al equipo del Ministerio de Econom\u00eda durante la gesti\u00f3n de Mart\u00edn Guzm\u00e1n.<\/p>\n\n\n\n<p>Antes del despido de Guzm\u00e1n aterriz\u00f3 en el coquismo recomendado por su propia madre, vecina de la familia Capitanich en Presidencia Roque S\u00e1enz Pe\u00f1a, seg\u00fan cont\u00f3 el propio exgobernador Jorge Capitanich al momento de tomarle juramento como titular del Ministerio unificado de Planificaci\u00f3n, Econom\u00e1 e Infraestructura.<\/p>\n\n\n\n<p>En 2023 encabez\u00f3 la lista de candidatos a diputados oficialistas con el af\u00e1n de presidir el Poder Legislativo mientras Capitanich era reelecto al frente del Ejecutivo. Pero Capitanich perdi\u00f3 en primera vuelta frente a Leandro Zdero y el oficialismo se convirti\u00f3 en oposici\u00f3n y tuvo que apelar a un plan B.<\/p>\n\n\n\n<p>Ahora, resistido por los sectores internos del peronismo chaque\u00f1o que lo sindican como parte del entorno estrecho del exgobernador que abon\u00f3 la derrota electoral gubernamental y legislativa del PJ, decidi\u00f3 abrir un espacio propio: Equilibrio General.<\/p>\n\n\n\n<p>Aunque no dio precisiones de las caracter\u00edsticas de su propuesta, lo promociona en las redes sociales como un \u00e1mbito de debate incluso nacional, al que invit\u00f3 a \u201creferentes de todos los sectores\u201d, para conformar una propuesta \u201cpol\u00edtica, econ\u00f3mica y social\u201d.<\/p>\n","protected":false},"excerpt":{"rendered":"<p>El diputado provincial Santiago P\u00e9rez Pons, del Frente Chaque\u00f1o, inici\u00f3 su carrera en la funci\u00f3n p\u00fablica como funcionario de los gobiernos de Mauricio Macri y Mar\u00eda Eugenia Vidal. Tras la derrota de Macri en 2019 ante Alberto Fern\u00e1ndez, candidato del Frente de Todos liderado por Cristina Fern\u00e1ndez, peg\u00f3 el salto kirchnerismo y se incorpor\u00f3 al [&hellip;]<\/p>\n","protected":false},"author":1,"featured_media":8394,"comment_status":"open","ping_status":"open","sticky":false,"template":"","format":"standard","meta":{"footnotes":""},"categories":[27],"tags":[],"class_list":["post-8393","post","type-post","status-publish","format-standard","has-post-thumbnail","hentry","category-politica"],"_links":{"self":[{"href":"https:\/\/hdpnoticias.com.ar\/index.php?rest_route=\/wp\/v2\/posts\/8393","targetHints":{"allow":["GET"]}}],"collection":[{"href":"https:\/\/hdpnoticias.com.ar\/index.php?rest_route=\/wp\/v2\/posts"}],"about":[{"href":"https:\/\/hdpnoticias.com.ar\/index.php?rest_route=\/wp\/v2\/types\/post"}],"author":[{"embeddable":true,"href":"https:\/\/hdpnoticias.com.ar\/index.php?rest_route=\/wp\/v2\/users\/1"}],"replies":[{"embeddable":true,"href":"https:\/\/hdpnoticias.com.ar\/index.php?rest_route=%2Fwp%2Fv2%2Fcomments&post=8393"}],"version-history":[{"count":1,"href":"https:\/\/hdpnoticias.com.ar\/index.php?rest_route=\/wp\/v2\/posts\/8393\/revisions"}],"predecessor-version":[{"id":8395,"href":"https:\/\/hdpnoticias.com.ar\/index.php?rest_route=\/wp\/v2\/posts\/8393\/revisions\/8395"}],"wp:featuredmedia":[{"embeddable":true,"href":"https:\/\/hdpnoticias.com.ar\/index.php?rest_route=\/wp\/v2\/media\/8394"}],"wp:attachment":[{"href":"https:\/\/hdpnoticias.com.ar\/index.php?rest_route=%2Fwp%2Fv2%2Fmedia&parent=8393"}],"wp:term":[{"taxonomy":"category","embeddable":true,"href":"https:\/\/hdpnoticias.com.ar\/index.php?rest_route=%2Fwp%2Fv2%2Fcategories&post=8393"},{"taxonomy":"post_tag","embeddable":true,"href":"https:\/\/hdpnoticias.com.ar\/index.php?rest_route=%2Fwp%2Fv2%2Ftags&post=8393"}],"curies":[{"name":"wp","href":"https:\/\/api.w.org\/{rel}","templated":true}]}}