{"id":8332,"date":"2024-08-25T07:04:58","date_gmt":"2024-08-25T10:04:58","guid":{"rendered":"https:\/\/hdpnoticias.com.ar\/?p=8332"},"modified":"2024-09-08T22:24:48","modified_gmt":"2024-09-09T01:24:48","slug":"capitanich-reaparecio-para-insultar-a-zdero-es-un-mentiroso-inutil-ignorante-soberbio-da-verguenza","status":"publish","type":"post","link":"https:\/\/hdpnoticias.com.ar\/?p=8332","title":{"rendered":"Capitanich reapareci\u00f3 para insultar a Zdero: Es un mentiroso, in\u00fatil, ignorante, soberbio, da verg\u00fcenza&#8230;"},"content":{"rendered":"\n<figure class=\"wp-block-image size-full\"><img loading=\"lazy\" decoding=\"async\" width=\"720\" height=\"90\" src=\"http:\/\/hdpnoticias.com.ar\/wp-content\/uploads\/2024\/05\/Copy-of-720x90-1.gif\" alt=\"\" class=\"wp-image-6806\"\/><\/figure>\n\n\n\n<p>El exgobernador Jorge Capitanich reapareci\u00f3 a poco de cumplirse un a\u00f1o de su derrota en primera vuelta frente al radical Leandro Zdero, que lo dej\u00f3 sin reelecci\u00f3n cuando buscaba su cuarto mandato.<\/p>\n\n\n\n<p>En su aparici\u00f3n anterior hab\u00eda esbozado alguna cr\u00edtica a la gesti\u00f3n del Gobernador pero la nota destacada fue su inesperado elogio por haber logrado lo que la sociedad chaque\u00f1a le demand\u00f3 a \u00e9l durante a\u00f1os: ponerle punto final a los piquetes.<\/p>\n\n\n\n<p>\u201cEso es algo que hay que destacar\u201d, hab\u00eda dicho, al admitir que ya no hay obst\u00e1culos para la libre circulaci\u00f3n ni en las rutas ni dentro de las ciudades, principalmente frente a la Casa de Gobierno, donde las manifestaciones cotidianas le valieron a Resistencia el mote de \u201cCapital del Piquete\u201d.<\/p>\n\n\n\n<p>El \u00faltimo viernes volvi\u00f3 a General San Mart\u00edn, donde present\u00f3 su \u00faltimo libro \u201cEl Peronismo y sus circunstancias\u201d, actividad que se enmarc\u00f3 en las rondas peri\u00f3dicas que propuso a la militancia y que no tuvieron buena recepci\u00f3n en los sectores que le reclaman autocr\u00edtica despu\u00e9s de la derrota.<\/p>\n\n\n\n<p>En una improvisada ronda de prensa el periodista Roberto Espinoza le pidi\u00f3 su parecer sobre la \u201cbomba de mecha corta\u201d, como describe Zdero la herencia que recibi\u00f3 de la administraci\u00f3n anterior, haciendo hincapi\u00e9 en un alto nivel de deudas, incluso en d\u00f3lares, obras sin financiamiento y empresas p\u00fablicas pr\u00e1cticamente quebradas.<\/p>\n\n\n\n<p>\u201cEs un mentiroso contumaz, agresivo, mentiroso. Y tiene un problema serio: una enorme inutilidad e inoperancia. No sabe absolutamente nada de lo que habla. Ya transcurrieron 8 meses de gobierno y deber\u00eda tener la m\u00ednima capacidad para interpretar los problemas que tiene la provincia, pero es alguien absolutamente negado las financias p\u00fablicas y la econom\u00eda. No sabe nada, ni donde est\u00e1 parado, y su equipo econ\u00f3mico es de tama\u00f1o nivel de debilidad que da verg\u00fcenza\u201d, dijo como respuesta, notoriamente alterado.<\/p>\n\n\n\n<p>Y sigui\u00f3: \u201cDeber\u00edan tener humildad. Son unos chantas y mentirosos repatentados. Que dejen de mentir.<\/p>\n\n\n\n<p>Y para redondear, dijo que si el gobierno de Zdero puede sostener la administraci\u00f3n, es porque \u00e9l dej\u00f3 las cuentas ordenadas: \u201cSi no hubiesen tenido las cuentas ordenadas no hubiesen podido administrar, y hace 8 meses que pueden pagar en t\u00e9rmino los salarios\u201d.<\/p>\n\n\n\n<p>\u201cSi hay algo de lo que me jacto, es de saber administrar. Son una manga de mentirosos absolutos\u201d, remat\u00f3.<\/p>\n","protected":false},"excerpt":{"rendered":"<p>El exgobernador Jorge Capitanich reapareci\u00f3 a poco de cumplirse un a\u00f1o de su derrota en primera vuelta frente al radical Leandro Zdero, que lo dej\u00f3 sin reelecci\u00f3n cuando buscaba su cuarto mandato. En su aparici\u00f3n anterior hab\u00eda esbozado alguna cr\u00edtica a la gesti\u00f3n del Gobernador pero la nota destacada fue su inesperado elogio por haber [&hellip;]<\/p>\n","protected":false},"author":1,"featured_media":8333,"comment_status":"open","ping_status":"open","sticky":false,"template":"","format":"standard","meta":{"footnotes":""},"categories":[27],"tags":[],"class_list":["post-8332","post","type-post","status-publish","format-standard","has-post-thumbnail","hentry","category-politica"],"_links":{"self":[{"href":"https:\/\/hdpnoticias.com.ar\/index.php?rest_route=\/wp\/v2\/posts\/8332","targetHints":{"allow":["GET"]}}],"collection":[{"href":"https:\/\/hdpnoticias.com.ar\/index.php?rest_route=\/wp\/v2\/posts"}],"about":[{"href":"https:\/\/hdpnoticias.com.ar\/index.php?rest_route=\/wp\/v2\/types\/post"}],"author":[{"embeddable":true,"href":"https:\/\/hdpnoticias.com.ar\/index.php?rest_route=\/wp\/v2\/users\/1"}],"replies":[{"embeddable":true,"href":"https:\/\/hdpnoticias.com.ar\/index.php?rest_route=%2Fwp%2Fv2%2Fcomments&post=8332"}],"version-history":[{"count":1,"href":"https:\/\/hdpnoticias.com.ar\/index.php?rest_route=\/wp\/v2\/posts\/8332\/revisions"}],"predecessor-version":[{"id":8334,"href":"https:\/\/hdpnoticias.com.ar\/index.php?rest_route=\/wp\/v2\/posts\/8332\/revisions\/8334"}],"wp:featuredmedia":[{"embeddable":true,"href":"https:\/\/hdpnoticias.com.ar\/index.php?rest_route=\/wp\/v2\/media\/8333"}],"wp:attachment":[{"href":"https:\/\/hdpnoticias.com.ar\/index.php?rest_route=%2Fwp%2Fv2%2Fmedia&parent=8332"}],"wp:term":[{"taxonomy":"category","embeddable":true,"href":"https:\/\/hdpnoticias.com.ar\/index.php?rest_route=%2Fwp%2Fv2%2Fcategories&post=8332"},{"taxonomy":"post_tag","embeddable":true,"href":"https:\/\/hdpnoticias.com.ar\/index.php?rest_route=%2Fwp%2Fv2%2Ftags&post=8332"}],"curies":[{"name":"wp","href":"https:\/\/api.w.org\/{rel}","templated":true}]}}