{"id":8323,"date":"2024-08-24T15:03:11","date_gmt":"2024-08-24T18:03:11","guid":{"rendered":"https:\/\/hdpnoticias.com.ar\/?p=8323"},"modified":"2024-09-08T22:17:18","modified_gmt":"2024-09-09T01:17:18","slug":"se-agranda-el-gabinete-nueva-subsecretaria-en-la-gobernacion","status":"publish","type":"post","link":"https:\/\/hdpnoticias.com.ar\/?p=8323","title":{"rendered":"Se agranda el Gabinete: nueva Subsecretar\u00eda en la Gobernaci\u00f3n"},"content":{"rendered":"\n<figure class=\"wp-block-image size-full\"><img loading=\"lazy\" decoding=\"async\" width=\"728\" height=\"90\" src=\"http:\/\/hdpnoticias.com.ar\/wp-content\/uploads\/2024\/05\/Nachec.gif\" alt=\"\" class=\"wp-image-6814\"\/><\/figure>\n\n\n\n<p>El Poder Ejecutivo provincial sum\u00f3 recientemente la Subsecretar\u00eda de Planificaci\u00f3n y Vinculaci\u00f3n Institucional.<\/p>\n\n\n\n<p>La flamante oficina tendr\u00e1 dependencia de la Secretar\u00eda General de la Gobernaci\u00f3n que encarna Carolina Meiri\u00f1o.<\/p>\n\n\n\n<p>En el mismo instrumento de creaci\u00f3n del \u00e1rea fue designado subsecretario Guido Jos\u00e9 Gregorio, que ya est\u00e1 en funciones.<\/p>\n","protected":false},"excerpt":{"rendered":"<p>El Poder Ejecutivo provincial sum\u00f3 recientemente la Subsecretar\u00eda de Planificaci\u00f3n y Vinculaci\u00f3n Institucional. La flamante oficina tendr\u00e1 dependencia de la Secretar\u00eda General de la Gobernaci\u00f3n que encarna Carolina Meiri\u00f1o. En el mismo instrumento de creaci\u00f3n del \u00e1rea fue designado subsecretario Guido Jos\u00e9 Gregorio, que ya est\u00e1 en funciones.<\/p>\n","protected":false},"author":1,"featured_media":3931,"comment_status":"open","ping_status":"open","sticky":false,"template":"","format":"standard","meta":{"footnotes":""},"categories":[27],"tags":[],"class_list":["post-8323","post","type-post","status-publish","format-standard","has-post-thumbnail","hentry","category-politica"],"_links":{"self":[{"href":"https:\/\/hdpnoticias.com.ar\/index.php?rest_route=\/wp\/v2\/posts\/8323","targetHints":{"allow":["GET"]}}],"collection":[{"href":"https:\/\/hdpnoticias.com.ar\/index.php?rest_route=\/wp\/v2\/posts"}],"about":[{"href":"https:\/\/hdpnoticias.com.ar\/index.php?rest_route=\/wp\/v2\/types\/post"}],"author":[{"embeddable":true,"href":"https:\/\/hdpnoticias.com.ar\/index.php?rest_route=\/wp\/v2\/users\/1"}],"replies":[{"embeddable":true,"href":"https:\/\/hdpnoticias.com.ar\/index.php?rest_route=%2Fwp%2Fv2%2Fcomments&post=8323"}],"version-history":[{"count":1,"href":"https:\/\/hdpnoticias.com.ar\/index.php?rest_route=\/wp\/v2\/posts\/8323\/revisions"}],"predecessor-version":[{"id":8324,"href":"https:\/\/hdpnoticias.com.ar\/index.php?rest_route=\/wp\/v2\/posts\/8323\/revisions\/8324"}],"wp:featuredmedia":[{"embeddable":true,"href":"https:\/\/hdpnoticias.com.ar\/index.php?rest_route=\/wp\/v2\/media\/3931"}],"wp:attachment":[{"href":"https:\/\/hdpnoticias.com.ar\/index.php?rest_route=%2Fwp%2Fv2%2Fmedia&parent=8323"}],"wp:term":[{"taxonomy":"category","embeddable":true,"href":"https:\/\/hdpnoticias.com.ar\/index.php?rest_route=%2Fwp%2Fv2%2Fcategories&post=8323"},{"taxonomy":"post_tag","embeddable":true,"href":"https:\/\/hdpnoticias.com.ar\/index.php?rest_route=%2Fwp%2Fv2%2Ftags&post=8323"}],"curies":[{"name":"wp","href":"https:\/\/api.w.org\/{rel}","templated":true}]}}