{"id":829,"date":"2023-02-13T22:19:31","date_gmt":"2023-02-14T01:19:31","guid":{"rendered":"http:\/\/hdpnoticias.com.ar\/?p=829"},"modified":"2023-02-13T22:19:33","modified_gmt":"2023-02-14T01:19:33","slug":"pro-chaco-bullrich-intervino-el-partido-y-ordeno-convocar-a-elecciones","status":"publish","type":"post","link":"https:\/\/hdpnoticias.com.ar\/?p=829","title":{"rendered":"PRO Chaco: Bullrich intervino el partido y orden\u00f3 convocar a elecciones"},"content":{"rendered":"\n<p>La conducci\u00f3n nacional del Propuesta Republicana (PRO), encabezada por Patricia Bullrich, intervino el Distrito Chaco del partido desplazando a todo el Consejo Directivo presidido por la diputada Maril\u00fa Quiroz.<\/p>\n\n\n\n<p>La decisi\u00f3n es la respuesta a los cuestionamientos que recibiera la dirigencia local tras haberse prorrogado los mandatos que deb\u00edan vencer el pr\u00f3ximo mes, evitando convocar a elecciones.<\/p>\n\n\n\n<p>En un encuentro celebrado en Presidencia Roque S\u00e1enz Pe\u00f1a en diciembre pasado, la c\u00fapula partidaria entendi\u00f3 que no era conveniente convocar a elecciones internas en un a\u00f1o con elecciones legislativas y presidenciales.<\/p>\n\n\n\n<p>Un grupo de afiliados acudi\u00f3 a la Justicia Electoral Federal con su queja y el mes pasado la jueza Zunilda Niremperger consinti\u00f3 el planteo ordenando a las autoridades convocar a elecciones respetando los plazos de la Carta Org\u00e1nica.<\/p>\n\n\n\n<p>Ahora, con la firma de Bullrich, el PRO design\u00f3 2 interventoras: Victoria Morales Gorleri y Laura Rodr\u00edguez Machado, a quienes se instruy\u00f3 convocar r\u00e1pidamente a elecciones para que en el m\u00e1s breve plazo posible se definan las nuevas autoridades.<\/p>\n","protected":false},"excerpt":{"rendered":"<p>La conducci\u00f3n nacional del Propuesta Republicana (PRO), encabezada por Patricia Bullrich, intervino el Distrito Chaco del partido desplazando a todo el Consejo Directivo presidido por la diputada Maril\u00fa Quiroz. La decisi\u00f3n es la respuesta a los cuestionamientos que recibiera la dirigencia local tras haberse prorrogado los mandatos que deb\u00edan vencer el pr\u00f3ximo mes, evitando convocar [&hellip;]<\/p>\n","protected":false},"author":1,"featured_media":831,"comment_status":"open","ping_status":"open","sticky":false,"template":"","format":"standard","meta":{"footnotes":""},"categories":[27],"tags":[559,37,246,561,560,562,558],"class_list":["post-829","post","type-post","status-publish","format-standard","has-post-thumbnail","hentry","category-politica","tag-bullrich","tag-chaco","tag-elecciones","tag-intervencion","tag-marilu","tag-presidenciales","tag-pro"],"_links":{"self":[{"href":"https:\/\/hdpnoticias.com.ar\/index.php?rest_route=\/wp\/v2\/posts\/829","targetHints":{"allow":["GET"]}}],"collection":[{"href":"https:\/\/hdpnoticias.com.ar\/index.php?rest_route=\/wp\/v2\/posts"}],"about":[{"href":"https:\/\/hdpnoticias.com.ar\/index.php?rest_route=\/wp\/v2\/types\/post"}],"author":[{"embeddable":true,"href":"https:\/\/hdpnoticias.com.ar\/index.php?rest_route=\/wp\/v2\/users\/1"}],"replies":[{"embeddable":true,"href":"https:\/\/hdpnoticias.com.ar\/index.php?rest_route=%2Fwp%2Fv2%2Fcomments&post=829"}],"version-history":[{"count":1,"href":"https:\/\/hdpnoticias.com.ar\/index.php?rest_route=\/wp\/v2\/posts\/829\/revisions"}],"predecessor-version":[{"id":832,"href":"https:\/\/hdpnoticias.com.ar\/index.php?rest_route=\/wp\/v2\/posts\/829\/revisions\/832"}],"wp:featuredmedia":[{"embeddable":true,"href":"https:\/\/hdpnoticias.com.ar\/index.php?rest_route=\/wp\/v2\/media\/831"}],"wp:attachment":[{"href":"https:\/\/hdpnoticias.com.ar\/index.php?rest_route=%2Fwp%2Fv2%2Fmedia&parent=829"}],"wp:term":[{"taxonomy":"category","embeddable":true,"href":"https:\/\/hdpnoticias.com.ar\/index.php?rest_route=%2Fwp%2Fv2%2Fcategories&post=829"},{"taxonomy":"post_tag","embeddable":true,"href":"https:\/\/hdpnoticias.com.ar\/index.php?rest_route=%2Fwp%2Fv2%2Ftags&post=829"}],"curies":[{"name":"wp","href":"https:\/\/api.w.org\/{rel}","templated":true}]}}