{"id":8209,"date":"2024-08-14T18:43:04","date_gmt":"2024-08-14T21:43:04","guid":{"rendered":"https:\/\/hdpnoticias.com.ar\/?p=8209"},"modified":"2024-08-14T18:43:06","modified_gmt":"2024-08-14T21:43:06","slug":"imputaron-al-expresidente-alberto-fernandez-por-violencia-de-genero","status":"publish","type":"post","link":"https:\/\/hdpnoticias.com.ar\/?p=8209","title":{"rendered":"Imputaron al expresidente Alberto Fern\u00e1ndez por violencia de g\u00e9nero"},"content":{"rendered":"\n<figure class=\"wp-block-image size-full\"><img loading=\"lazy\" decoding=\"async\" width=\"720\" height=\"90\" src=\"http:\/\/hdpnoticias.com.ar\/wp-content\/uploads\/2024\/05\/Obras-Publicas.gif\" alt=\"\" class=\"wp-image-6818\"\/><\/figure>\n\n\n\n<p>El fiscal federal Ramiro Gonz\u00e1lez imput\u00f3 al expresidente Alberto Fern\u00e1ndez de los delitos de lesiones leves y graves doblemente agravadas y amenazas coactivas, en la causa iniciada a ra\u00edz de la denuncia por violencia de g\u00e9nero realizada por su expareja, Fabiola Y\u00e1\u00f1ez.<\/p>\n\n\n\n<p>Paralelamente orden\u00f3 una serie de medidas de prueba, como la recolecci\u00f3n de las historias cl\u00ednicas de Fabiola, radicadas en diversas instituciones sanitarias, y un informe de los profesionales que la atendieron.<\/p>\n\n\n\n<p>Tambi\u00e9n solicit\u00f3 a la Unidad M\u00e9dica Presidencial que remita todas las constancias de atenci\u00f3n a Fabiola Y\u00e1\u00f1ez desde diciembre de 2019 hasta diciembre de 2023. Y requiri\u00f3 informaci\u00f3n al Sanatorio Otamendi, SANAR, a la Cl\u00ednica Fertilis y al Instituto de Neurolog\u00eda Cognitiva (Ineco) donde habr\u00eda acudido por asistencia en 2016 y 2017.<\/p>\n\n\n\n<p>Por otra parte, el fiscal cit\u00f3 a Mar\u00eda Cantero, Federico Saavedra, Sof\u00eda Pacchi, Alicia Barrios y Daniel Rodr\u00edguez, y convoc\u00f3 adem\u00e1s a Miriam Y\u00e1\u00f1ez Verdugo, madre de Fabiola.<\/p>\n\n\n\n<p>Adem\u00e1s pidi\u00f3 las c\u00e1maras de seguridad de la Casa de Hu\u00e9spedes de la Quinta de Olivos, entre 2021 y 2023, y el registro de ingresos del m\u00e9dico presidencial a la residencia.<\/p>\n\n\n\n<p>Ahora el juez federal Juli\u00e1n Ercolini debe definir el planteo de la abogada Silvina Carreira para que la causa pase de los tribunales de Comodoro Py a la justicia federal de San Isidro.<\/p>\n\n\n\n<p>El martes, la ex primera dama ampli\u00f3 su declaraci\u00f3n desde Madrid ante el fiscal Gonz\u00e1lez, y afirm\u00f3 que los primeros episodios de violencia f\u00edsica ocurrieron en 2016, durante su convivencia con el exmandatario en el departamento de Puerto Madero.<\/p>\n\n\n\n<p>Adem\u00e1s, Y\u00e1\u00f1ez sostuvo que en 2016 estuvo embarazada y Fern\u00e1ndez la presion\u00f3 para que abortara, lo que le produjo una crisis que deriv\u00f3 en problemas con el alcohol.<\/p>\n","protected":false},"excerpt":{"rendered":"<p>El fiscal federal Ramiro Gonz\u00e1lez imput\u00f3 al expresidente Alberto Fern\u00e1ndez de los delitos de lesiones leves y graves doblemente agravadas y amenazas coactivas, en la causa iniciada a ra\u00edz de la denuncia por violencia de g\u00e9nero realizada por su expareja, Fabiola Y\u00e1\u00f1ez. Paralelamente orden\u00f3 una serie de medidas de prueba, como la recolecci\u00f3n de las [&hellip;]<\/p>\n","protected":false},"author":1,"featured_media":689,"comment_status":"open","ping_status":"open","sticky":false,"template":"","format":"standard","meta":{"footnotes":""},"categories":[27],"tags":[],"class_list":["post-8209","post","type-post","status-publish","format-standard","has-post-thumbnail","hentry","category-politica"],"_links":{"self":[{"href":"https:\/\/hdpnoticias.com.ar\/index.php?rest_route=\/wp\/v2\/posts\/8209","targetHints":{"allow":["GET"]}}],"collection":[{"href":"https:\/\/hdpnoticias.com.ar\/index.php?rest_route=\/wp\/v2\/posts"}],"about":[{"href":"https:\/\/hdpnoticias.com.ar\/index.php?rest_route=\/wp\/v2\/types\/post"}],"author":[{"embeddable":true,"href":"https:\/\/hdpnoticias.com.ar\/index.php?rest_route=\/wp\/v2\/users\/1"}],"replies":[{"embeddable":true,"href":"https:\/\/hdpnoticias.com.ar\/index.php?rest_route=%2Fwp%2Fv2%2Fcomments&post=8209"}],"version-history":[{"count":1,"href":"https:\/\/hdpnoticias.com.ar\/index.php?rest_route=\/wp\/v2\/posts\/8209\/revisions"}],"predecessor-version":[{"id":8210,"href":"https:\/\/hdpnoticias.com.ar\/index.php?rest_route=\/wp\/v2\/posts\/8209\/revisions\/8210"}],"wp:featuredmedia":[{"embeddable":true,"href":"https:\/\/hdpnoticias.com.ar\/index.php?rest_route=\/wp\/v2\/media\/689"}],"wp:attachment":[{"href":"https:\/\/hdpnoticias.com.ar\/index.php?rest_route=%2Fwp%2Fv2%2Fmedia&parent=8209"}],"wp:term":[{"taxonomy":"category","embeddable":true,"href":"https:\/\/hdpnoticias.com.ar\/index.php?rest_route=%2Fwp%2Fv2%2Fcategories&post=8209"},{"taxonomy":"post_tag","embeddable":true,"href":"https:\/\/hdpnoticias.com.ar\/index.php?rest_route=%2Fwp%2Fv2%2Ftags&post=8209"}],"curies":[{"name":"wp","href":"https:\/\/api.w.org\/{rel}","templated":true}]}}