{"id":8194,"date":"2024-08-13T07:22:30","date_gmt":"2024-08-13T10:22:30","guid":{"rendered":"https:\/\/hdpnoticias.com.ar\/?p=8194"},"modified":"2024-09-08T22:03:21","modified_gmt":"2024-09-09T01:03:21","slug":"capitanich-felicito-a-zdero-por-terminar-con-los-piquetes-es-un-logro-extraordinario","status":"publish","type":"post","link":"https:\/\/hdpnoticias.com.ar\/?p=8194","title":{"rendered":"Capitanich felicit\u00f3 a Zdero por terminar con los piquetes: Es un logro extraordinario"},"content":{"rendered":"\n<figure class=\"wp-block-image size-full\"><img loading=\"lazy\" decoding=\"async\" width=\"720\" height=\"90\" src=\"http:\/\/hdpnoticias.com.ar\/wp-content\/uploads\/2024\/05\/Copy-of-720x90-1.gif\" alt=\"\" class=\"wp-image-6806\"\/><\/figure>\n\n\n\n<p>El exgobernador Jorge Capitanich reapareci\u00f3 en los medios de comunicaci\u00f3n tras permanecer en segundo plano desde que dejara el gobierno el 9 de diciembre de&nbsp; 2023 tras su derrota en primera vuelta a manos de Leandro Zdero.<\/p>\n\n\n\n<p>Entrevistado en el canal oficial Somos Uno y La Radio, en medio de sus cr\u00edticas al gobierno nacional por el \u201cajuste desmedido\u201d y al provincial al que defini\u00f3 como \u201caliado de Milei\u201d a quien \u201cle cuid\u00f3 los votos\u201d en las elecciones presidenciales pasadas, tambi\u00e9n tuvo palabras de elogio para su sucesor.<\/p>\n\n\n\n<p>\u201cReconozco que este gobierno tuvo un logro extraordinario: la libre circulaci\u00f3n. Hoy no hay movimientos sociales que afecten la vida de la gente, y eso hay que remarcarlo\u201d, dijo sobre el resultado de la aplicaci\u00f3n del \u201cprotocolo antipiquetes\u201d de la gesti\u00f3n de Zdero.<\/p>\n\n\n\n<p>Pero, en el mismo tono, se qued\u00f3: \u201cSiendo gobernador, por el lado de la oposici\u00f3n, nunca tuve el reconocimiento de absolutamente nada, ni el acompa\u00f1amiento. Para la oposici\u00f3n todo lo que hac\u00edamos era un desastre y ellos eran los buenos\u201d.<\/p>\n\n\n\n<p><strong>Aliados pol\u00edticos<\/strong><\/p>\n\n\n\n<p>A la hora del balance de las elecciones en las que fue desalojado del Gobierno, el Frente Chaque\u00f1o de Capitanich atribuye buena parte de la derrota a su estrecha relaci\u00f3n con los movimientos piqueteros, muchos de ellos aliados pol\u00edticos y candidatos. Un v\u00ednculo que se mantuvo hasta el \u00faltimo d\u00eda a pesar de la explosi\u00f3n que signific\u00f3 el asesinato de Cecilia Strzyzowski y otras causas por abuso y corrupci\u00f3n que involucraron a varios de los m\u00e1s reconocidos dirigente sociales de su entorno.<\/p>\n","protected":false},"excerpt":{"rendered":"<p>El exgobernador Jorge Capitanich reapareci\u00f3 en los medios de comunicaci\u00f3n tras permanecer en segundo plano desde que dejara el gobierno el 9 de diciembre de&nbsp; 2023 tras su derrota en primera vuelta a manos de Leandro Zdero. Entrevistado en el canal oficial Somos Uno y La Radio, en medio de sus cr\u00edticas al gobierno nacional [&hellip;]<\/p>\n","protected":false},"author":1,"featured_media":7221,"comment_status":"open","ping_status":"open","sticky":false,"template":"","format":"standard","meta":{"footnotes":""},"categories":[27],"tags":[29,244,1319,265,692,921],"class_list":["post-8194","post","type-post","status-publish","format-standard","has-post-thumbnail","hentry","category-politica","tag-capitanich","tag-gobernador","tag-milei","tag-piqueteros","tag-piquetes","tag-zdero"],"_links":{"self":[{"href":"https:\/\/hdpnoticias.com.ar\/index.php?rest_route=\/wp\/v2\/posts\/8194","targetHints":{"allow":["GET"]}}],"collection":[{"href":"https:\/\/hdpnoticias.com.ar\/index.php?rest_route=\/wp\/v2\/posts"}],"about":[{"href":"https:\/\/hdpnoticias.com.ar\/index.php?rest_route=\/wp\/v2\/types\/post"}],"author":[{"embeddable":true,"href":"https:\/\/hdpnoticias.com.ar\/index.php?rest_route=\/wp\/v2\/users\/1"}],"replies":[{"embeddable":true,"href":"https:\/\/hdpnoticias.com.ar\/index.php?rest_route=%2Fwp%2Fv2%2Fcomments&post=8194"}],"version-history":[{"count":1,"href":"https:\/\/hdpnoticias.com.ar\/index.php?rest_route=\/wp\/v2\/posts\/8194\/revisions"}],"predecessor-version":[{"id":8195,"href":"https:\/\/hdpnoticias.com.ar\/index.php?rest_route=\/wp\/v2\/posts\/8194\/revisions\/8195"}],"wp:featuredmedia":[{"embeddable":true,"href":"https:\/\/hdpnoticias.com.ar\/index.php?rest_route=\/wp\/v2\/media\/7221"}],"wp:attachment":[{"href":"https:\/\/hdpnoticias.com.ar\/index.php?rest_route=%2Fwp%2Fv2%2Fmedia&parent=8194"}],"wp:term":[{"taxonomy":"category","embeddable":true,"href":"https:\/\/hdpnoticias.com.ar\/index.php?rest_route=%2Fwp%2Fv2%2Fcategories&post=8194"},{"taxonomy":"post_tag","embeddable":true,"href":"https:\/\/hdpnoticias.com.ar\/index.php?rest_route=%2Fwp%2Fv2%2Ftags&post=8194"}],"curies":[{"name":"wp","href":"https:\/\/api.w.org\/{rel}","templated":true}]}}