{"id":8177,"date":"2024-08-11T01:31:00","date_gmt":"2024-08-11T04:31:00","guid":{"rendered":"https:\/\/hdpnoticias.com.ar\/?p=8177"},"modified":"2024-08-11T20:37:03","modified_gmt":"2024-08-11T23:37:03","slug":"alberto-culpo-y-golpeo-a-fabiola-por-el-fracaso-de-su-gobierno-y-las-derrotas-del-kirchnerismo","status":"publish","type":"post","link":"https:\/\/hdpnoticias.com.ar\/?p=8177","title":{"rendered":"Alberto culp\u00f3 y golpe\u00f3 a Fabiola por el fracaso de su gobierno y las derrotas del kirchnerismo"},"content":{"rendered":"\n<figure class=\"wp-block-image size-full\"><img loading=\"lazy\" decoding=\"async\" width=\"720\" height=\"90\" src=\"http:\/\/hdpnoticias.com.ar\/wp-content\/uploads\/2024\/05\/Copy-of-720x90-1.gif\" alt=\"\" class=\"wp-image-6806\"\/><\/figure>\n\n\n\n<p>La exprimera dama: Fabiola Y\u00e1\u00f1ez, dio su primera entrevista desde que denunci\u00f3 a su expareja: el expresidente de la Naci\u00f3n Alberto Fern\u00e1ndez, por la violencia de g\u00e9nero y las amenazas que le prodig\u00f3 desde que ambos conviv\u00edan en la residencia presidencial de Olivos.<\/p>\n\n\n\n<p>Las brutales golpizas de las que fue v\u00edctima se conocieron en el marco de la investigaci\u00f3n de la Causa de los Seguros, donde se investiga un entramado de corrupci\u00f3n encabezado por Fern\u00e1ndez, cuando el juez Juli\u00e1n Ercolini se top\u00f3 con fotos, videos y mensajes de Fabiola a otra de las implicadas: la secretaria del expresidente.<\/p>\n\n\n\n<p>Mientras la Justicia intenta ordenar cronol\u00f3gicamente los ataques, Fabiola narr\u00f3 que la violencia era permanente, y que fue esa la raz\u00f3n por la que se hab\u00eda mudado a la casa de hu\u00e9spedes de la residencia, y llam\u00f3 a su madre para que la acompa\u00f1ara y ayudara con el cuidado de ambos, reci\u00e9n nacido.<\/p>\n\n\n\n<p>Dijo que en ese lugar permaneci\u00f3 pr\u00e1cticamente secuestrada, ya que no ten\u00eda permitido salir a la calle e incluso su autom\u00f3vil fue intervenido para que el motor se detuviera al traspasar el port\u00f3n.<\/p>\n\n\n\n<p>En un trayecto del relato, dijo que \u201cesta persona\u201d, como llama a su exmarido, al golpearla, la responsabilizaba de sus fracasos pol\u00edticos: \u201cPor tu culpa este gobierno perdi\u00f3 las elecciones\u201d, dijo que le gritaba entre insultos.<\/p>\n\n\n\n<p>Aparentemente, esto habr\u00eda ocurrido despu\u00e9s de que se conocieran, en 2021, las fotos del cumplea\u00f1os de ella en plena pandemia, en 2020, con un grupo de amigos en las que tambi\u00e9n se ve\u00eda a \u00e9l. En aquel momento, el entonces presidente hizo su descargo en una conferencia en la que pidi\u00f3 disculpas pero le endilg\u00f3 la responsabilidad a \u201cmi querida Fabiola\u201d, que habr\u00eda cometido un \u201cerror\u201d al organizar algo que \u201cnunca debi\u00f3 haber ocurrido\u201d.<\/p>\n\n\n\n<p>Varios dirigentes encumbrados del oficialismo hab\u00edan atribuido a \u201cla foto de Olivos\u201d la derrota electoral del Frente de Todos en las elecciones legislativas de ese a\u00f1o.<\/p>\n\n\n\n<p>Fabiola dijo que hubo m\u00e1s golpes en los que Alberto descargaba su frustraci\u00f3n pol\u00edtica contra ella: \u201cMe hiciste perder el Gobierno\u201d, denunci\u00f3 que le achacaba, presuntamente, por la falta de respaldo de sus partidarios a su intenci\u00f3n de buscar la reelecci\u00f3n en 2023.<\/p>\n\n\n\n<p>Y el tormento continu\u00f3 despu\u00e9s de la derrota de Uni\u00f3n por la Patria en las presidenciales. \u00c9l reiter\u00f3 los maltratos endos\u00e1ndole el fracaso de su gobierno por no haberlo \u201ccontenido\u201d en las sucesivas crisis que atraves\u00f3 durante la gesti\u00f3n.<\/p>\n\n\n\n<p>A esto le sigui\u00f3 el \u201cterrorismo psicol\u00f3gico\u201d en el que Alberto Fern\u00e1ndez amenazaba con suicidarse si ella no segu\u00eda al pie de la letra sus instrucciones y ventilaba lo ocurrido.<\/p>\n\n\n\n<p>&#8220;Muchas personas sab\u00edan esto&#8221;, asever\u00f3 al contar que pidi\u00f3 ayuda a las autoridades del mismo Ministerio de la Mujer, pero que se la negaron.<\/p>\n","protected":false},"excerpt":{"rendered":"<p>La exprimera dama: Fabiola Y\u00e1\u00f1ez, dio su primera entrevista desde que denunci\u00f3 a su expareja: el expresidente de la Naci\u00f3n Alberto Fern\u00e1ndez, por la violencia de g\u00e9nero y las amenazas que le prodig\u00f3 desde que ambos conviv\u00edan en la residencia presidencial de Olivos. Las brutales golpizas de las que fue v\u00edctima se conocieron en el [&hellip;]<\/p>\n","protected":false},"author":1,"featured_media":8178,"comment_status":"open","ping_status":"open","sticky":false,"template":"","format":"standard","meta":{"footnotes":""},"categories":[27],"tags":[2508,3389,349,2118,35,168,454,1898,548],"class_list":["post-8177","post","type-post","status-publish","format-standard","has-post-thumbnail","hentry","category-politica","tag-derrota","tag-fabiola","tag-frente-de-todos","tag-golpiza","tag-kirchnerismo","tag-nacion","tag-presidente","tag-union-por-la-patria","tag-violencia-de-genero"],"_links":{"self":[{"href":"https:\/\/hdpnoticias.com.ar\/index.php?rest_route=\/wp\/v2\/posts\/8177","targetHints":{"allow":["GET"]}}],"collection":[{"href":"https:\/\/hdpnoticias.com.ar\/index.php?rest_route=\/wp\/v2\/posts"}],"about":[{"href":"https:\/\/hdpnoticias.com.ar\/index.php?rest_route=\/wp\/v2\/types\/post"}],"author":[{"embeddable":true,"href":"https:\/\/hdpnoticias.com.ar\/index.php?rest_route=\/wp\/v2\/users\/1"}],"replies":[{"embeddable":true,"href":"https:\/\/hdpnoticias.com.ar\/index.php?rest_route=%2Fwp%2Fv2%2Fcomments&post=8177"}],"version-history":[{"count":2,"href":"https:\/\/hdpnoticias.com.ar\/index.php?rest_route=\/wp\/v2\/posts\/8177\/revisions"}],"predecessor-version":[{"id":8180,"href":"https:\/\/hdpnoticias.com.ar\/index.php?rest_route=\/wp\/v2\/posts\/8177\/revisions\/8180"}],"wp:featuredmedia":[{"embeddable":true,"href":"https:\/\/hdpnoticias.com.ar\/index.php?rest_route=\/wp\/v2\/media\/8178"}],"wp:attachment":[{"href":"https:\/\/hdpnoticias.com.ar\/index.php?rest_route=%2Fwp%2Fv2%2Fmedia&parent=8177"}],"wp:term":[{"taxonomy":"category","embeddable":true,"href":"https:\/\/hdpnoticias.com.ar\/index.php?rest_route=%2Fwp%2Fv2%2Fcategories&post=8177"},{"taxonomy":"post_tag","embeddable":true,"href":"https:\/\/hdpnoticias.com.ar\/index.php?rest_route=%2Fwp%2Fv2%2Ftags&post=8177"}],"curies":[{"name":"wp","href":"https:\/\/api.w.org\/{rel}","templated":true}]}}