{"id":8167,"date":"2024-08-10T08:48:14","date_gmt":"2024-08-10T11:48:14","guid":{"rendered":"https:\/\/hdpnoticias.com.ar\/?p=8167"},"modified":"2024-08-10T08:48:16","modified_gmt":"2024-08-10T11:48:16","slug":"todo-mal-alberto-renuncio-al-pj-con-errores-ortograficos-otra-vez-le-toco-ercolini-y-le-sacaron-el-celu-y-la-tablet","status":"publish","type":"post","link":"https:\/\/hdpnoticias.com.ar\/?p=8167","title":{"rendered":"Todo mal: Alberto renunci\u00f3 al PJ con errores ortogr\u00e1ficos, otra vez le toc\u00f3 Ercolini y le sacaron el celu y la tablet"},"content":{"rendered":"\n<figure class=\"wp-block-image size-full\"><img loading=\"lazy\" decoding=\"async\" width=\"720\" height=\"90\" src=\"http:\/\/hdpnoticias.com.ar\/wp-content\/uploads\/2024\/05\/Copy-of-720x90-1.gif\" alt=\"\" class=\"wp-image-6806\"\/><\/figure>\n\n\n\n<p>El expresidente de la Naci\u00f3n: Alberto Fern\u00e1ndez, est\u00e1 cada vez m\u00e1s complicado y en soledad tras ser denunciado por violencia de g\u00e9nero por su expareja Fabiola Y\u00e1\u00f1ez, que lo acus\u00f3 de propinarle tremendas golpizas en la Residencia Presidencial de Olivos.<\/p>\n\n\n\n<p>Estos hechos se conocieron por casualidad en el celular de su secretaria en la denominada \u201cCausa de los Seguros\u201d, en la que se lo investiga por presuntos hechos de corrupci\u00f3n, que encabeza el juez federal Juli\u00e1n Ercolini.<\/p>\n\n\n\n<p>En las \u00faltimas horas tuvo varios reveses: mientras Casaci\u00f3n rechazaba su intento de apartar a Ercolini de la Causa de los Seguros, fue sorteada la causa por violencia de g\u00e9nero y tambi\u00e9n recay\u00f3 en Ercolini.<\/p>\n\n\n\n<p>Como primera medida, el juez orden\u00f3 allanar el departamento donde vive en Puerto Madero, supuestamente prestado por su amigo Pepe Albistur, y secuestraron su tel\u00e9fono celular, un pendrive y una tablet para determinar si en los \u00faltimos d\u00edas hostig\u00f3 con llamadas o mensajes a la exprimera dama violando la restricci\u00f3n que le fue impuesta. Con esto qued\u00f3 pr\u00e1cticamente incomunicado ya que desde que qued\u00f3 en el ojo de la tormenta s\u00f3lo emiti\u00f3 algunas breves expresiones a trav\u00e9s de las redes sociales.<\/p>\n\n\n\n<p>En este contexto present\u00f3 su renuncia a la presidencia del Partido Justicialista, alegando que no permitir\u00e1 que el gobierno de Javier Milei utilice esta situaci\u00f3n para desviar el foco de atenci\u00f3n de la grave situaci\u00f3n que atraviesa el pueblo argentino. El tr\u00e1mite no era necesario, ya que de todos modos nadie acataba su autoridad ni cuando estaba en la c\u00faspide del poder.<\/p>\n\n\n\n<p>El comunicado de renuncia del expresidente de la Naci\u00f3n y catedr\u00e1tico de la UBA, a la titularidad del PJ fue muy escueto pero no se priv\u00f3 de incluir alg\u00fan error ortogr\u00e1fico. Al parecer, el juez tambi\u00e9n le secuestr\u00f3 el corrector autom\u00e1tico.<\/p>\n","protected":false},"excerpt":{"rendered":"<p>El expresidente de la Naci\u00f3n: Alberto Fern\u00e1ndez, est\u00e1 cada vez m\u00e1s complicado y en soledad tras ser denunciado por violencia de g\u00e9nero por su expareja Fabiola Y\u00e1\u00f1ez, que lo acus\u00f3 de propinarle tremendas golpizas en la Residencia Presidencial de Olivos. Estos hechos se conocieron por casualidad en el celular de su secretaria en la denominada [&hellip;]<\/p>\n","protected":false},"author":1,"featured_media":8168,"comment_status":"open","ping_status":"open","sticky":false,"template":"","format":"standard","meta":{"footnotes":""},"categories":[1,27],"tags":[68,4251,3389,2118,1319,248,454,419,2659,548],"class_list":["post-8167","post","type-post","status-publish","format-standard","has-post-thumbnail","hentry","category-pescado-podrido","category-politica","tag-alberto","tag-errores","tag-fabiola","tag-golpiza","tag-milei","tag-pj","tag-presidente","tag-puerto-madero","tag-uba","tag-violencia-de-genero"],"_links":{"self":[{"href":"https:\/\/hdpnoticias.com.ar\/index.php?rest_route=\/wp\/v2\/posts\/8167","targetHints":{"allow":["GET"]}}],"collection":[{"href":"https:\/\/hdpnoticias.com.ar\/index.php?rest_route=\/wp\/v2\/posts"}],"about":[{"href":"https:\/\/hdpnoticias.com.ar\/index.php?rest_route=\/wp\/v2\/types\/post"}],"author":[{"embeddable":true,"href":"https:\/\/hdpnoticias.com.ar\/index.php?rest_route=\/wp\/v2\/users\/1"}],"replies":[{"embeddable":true,"href":"https:\/\/hdpnoticias.com.ar\/index.php?rest_route=%2Fwp%2Fv2%2Fcomments&post=8167"}],"version-history":[{"count":1,"href":"https:\/\/hdpnoticias.com.ar\/index.php?rest_route=\/wp\/v2\/posts\/8167\/revisions"}],"predecessor-version":[{"id":8169,"href":"https:\/\/hdpnoticias.com.ar\/index.php?rest_route=\/wp\/v2\/posts\/8167\/revisions\/8169"}],"wp:featuredmedia":[{"embeddable":true,"href":"https:\/\/hdpnoticias.com.ar\/index.php?rest_route=\/wp\/v2\/media\/8168"}],"wp:attachment":[{"href":"https:\/\/hdpnoticias.com.ar\/index.php?rest_route=%2Fwp%2Fv2%2Fmedia&parent=8167"}],"wp:term":[{"taxonomy":"category","embeddable":true,"href":"https:\/\/hdpnoticias.com.ar\/index.php?rest_route=%2Fwp%2Fv2%2Fcategories&post=8167"},{"taxonomy":"post_tag","embeddable":true,"href":"https:\/\/hdpnoticias.com.ar\/index.php?rest_route=%2Fwp%2Fv2%2Ftags&post=8167"}],"curies":[{"name":"wp","href":"https:\/\/api.w.org\/{rel}","templated":true}]}}