{"id":8104,"date":"2024-08-06T20:56:16","date_gmt":"2024-08-06T23:56:16","guid":{"rendered":"https:\/\/hdpnoticias.com.ar\/?p=8104"},"modified":"2024-08-06T21:08:39","modified_gmt":"2024-08-07T00:08:39","slug":"fabiola-yanez-denuncio-a-alberto-fernandez-por-violencia-de-genero","status":"publish","type":"post","link":"https:\/\/hdpnoticias.com.ar\/?p=8104","title":{"rendered":"Fabiola Y\u00e1\u00f1ez denunci\u00f3 a Alberto Fern\u00e1ndez por violencia de g\u00e9nero"},"content":{"rendered":"\n<figure class=\"wp-block-image size-full\"><img loading=\"lazy\" decoding=\"async\" width=\"728\" height=\"90\" src=\"http:\/\/hdpnoticias.com.ar\/wp-content\/uploads\/2024\/05\/Nachec.gif\" alt=\"\" class=\"wp-image-6814\"\/><\/figure>\n\n\n\n<p>La ex primera dama Fabiola Y\u00e1\u00f1ez finalmente impuls\u00f3 una denuncia penal contra Alberto Fern\u00e1ndez por violencia f\u00edsica y hostigamiento, lo hizo despu\u00e9s de haber rechazado esa posibilidad en un primer momento{<\/p>\n\n\n\n<p>Los hechos de violencia se conocieron en el marco de la investigaci\u00f3n por la causa de los seguros, donde el expresidente es uno de los principales implicados, puntualmente en una serie de mensajes encontrados en el celular de Mar\u00eda Cantero, exsecretaria de Fern\u00e1ndez.<\/p>\n\n\n\n<p>Ercolini constituy\u00f3 un legajo reservado, notific\u00f3 a la Oficina de Violencia de G\u00e9nero de la Corte Suprema, y luego convoc\u00f3 a la exprimera dama a una audiencia mediante videoconferencia desde Madrid, ciudad donde reside. Pero en ese momento, Y\u00e1\u00f1ez no quiso instar la acci\u00f3n penal.<\/p>\n\n\n\n<p>El \u00faltimo domingo todo se ventil\u00f3 a trav\u00e9s de una publicaci\u00f3n de Clar\u00edn.<\/p>\n\n\n\n<p>\u201cAcabo de hacer la denuncia, no aguanto m\u00e1s\u201d, le dijo Y\u00e1\u00f1ez a su abogado, Juan Pablo Fioribello, luego de comunicarse con el Juzgado desde Madrid. Fern\u00e1ndez se enter\u00f3 de la noticia cerca de las 14:30. Pero reci\u00e9n fue notificado esta tarde en su domicilio de Puerto Madero.<\/p>\n\n\n\n<p>Inmediatamente el magistrado dict\u00f3 \u201cmedidas de restricci\u00f3n y protecci\u00f3n\u201d y le prohibi\u00f3 al expresidente acercarse o tomar contacto por cualquier medio con su expareja, esto a ra\u00edz de las comunicaciones que mantuvieron en las \u00faltimas horas. Tampoco tiene permitido salir del pa\u00eds.<\/p>\n\n\n\n<p>En la denuncia, ella dijo que \u00e9l la hostiga permanentemente, lo que defini\u00f3 como &#8220;terrorismo psicol\u00f3gico&#8221;, y que teme no s\u00f3lo por ella, sino por el hijo de ambos: Francisco.<\/p>\n\n\n\n<p>A trav\u00e9s de un comunicado, \u00e9l neg\u00f3 la acusaci\u00f3n.<\/p>\n\n\n\n<p>El caso seguir\u00e1 en la Justicia Federal ya que los hechos denunciados habr\u00edan ocurrido en la Residencia Presidencial de Olivos.<\/p>\n","protected":false},"excerpt":{"rendered":"<p>La ex primera dama Fabiola Y\u00e1\u00f1ez finalmente impuls\u00f3 una denuncia penal contra Alberto Fern\u00e1ndez por violencia f\u00edsica y hostigamiento, lo hizo despu\u00e9s de haber rechazado esa posibilidad en un primer momento{ Los hechos de violencia se conocieron en el marco de la investigaci\u00f3n por la causa de los seguros, donde el expresidente es uno de [&hellip;]<\/p>\n","protected":false},"author":1,"featured_media":8105,"comment_status":"open","ping_status":"open","sticky":false,"template":"","format":"standard","meta":{"footnotes":""},"categories":[27],"tags":[68,2932,3389,405,548,4210],"class_list":["post-8104","post","type-post","status-publish","format-standard","has-post-thumbnail","hentry","category-politica","tag-alberto","tag-ercolini","tag-fabiola","tag-fernandez","tag-violencia-de-genero","tag-yanez"],"_links":{"self":[{"href":"https:\/\/hdpnoticias.com.ar\/index.php?rest_route=\/wp\/v2\/posts\/8104","targetHints":{"allow":["GET"]}}],"collection":[{"href":"https:\/\/hdpnoticias.com.ar\/index.php?rest_route=\/wp\/v2\/posts"}],"about":[{"href":"https:\/\/hdpnoticias.com.ar\/index.php?rest_route=\/wp\/v2\/types\/post"}],"author":[{"embeddable":true,"href":"https:\/\/hdpnoticias.com.ar\/index.php?rest_route=\/wp\/v2\/users\/1"}],"replies":[{"embeddable":true,"href":"https:\/\/hdpnoticias.com.ar\/index.php?rest_route=%2Fwp%2Fv2%2Fcomments&post=8104"}],"version-history":[{"count":2,"href":"https:\/\/hdpnoticias.com.ar\/index.php?rest_route=\/wp\/v2\/posts\/8104\/revisions"}],"predecessor-version":[{"id":8107,"href":"https:\/\/hdpnoticias.com.ar\/index.php?rest_route=\/wp\/v2\/posts\/8104\/revisions\/8107"}],"wp:featuredmedia":[{"embeddable":true,"href":"https:\/\/hdpnoticias.com.ar\/index.php?rest_route=\/wp\/v2\/media\/8105"}],"wp:attachment":[{"href":"https:\/\/hdpnoticias.com.ar\/index.php?rest_route=%2Fwp%2Fv2%2Fmedia&parent=8104"}],"wp:term":[{"taxonomy":"category","embeddable":true,"href":"https:\/\/hdpnoticias.com.ar\/index.php?rest_route=%2Fwp%2Fv2%2Fcategories&post=8104"},{"taxonomy":"post_tag","embeddable":true,"href":"https:\/\/hdpnoticias.com.ar\/index.php?rest_route=%2Fwp%2Fv2%2Ftags&post=8104"}],"curies":[{"name":"wp","href":"https:\/\/api.w.org\/{rel}","templated":true}]}}