{"id":8090,"date":"2024-08-05T08:06:02","date_gmt":"2024-08-05T11:06:02","guid":{"rendered":"https:\/\/hdpnoticias.com.ar\/?p=8090"},"modified":"2024-08-05T08:06:05","modified_gmt":"2024-08-05T11:06:05","slug":"macri-conoci-a-leandro-con-aida-y-dije-este-chico-va-a-llegar","status":"publish","type":"post","link":"https:\/\/hdpnoticias.com.ar\/?p=8090","title":{"rendered":"Macri: Conoc\u00ed a Leandro con A\u00edda y dije \u201ceste chico va a llegar\u201d"},"content":{"rendered":"\n<figure class=\"wp-block-image size-full\"><img loading=\"lazy\" decoding=\"async\" width=\"728\" height=\"90\" src=\"http:\/\/hdpnoticias.com.ar\/wp-content\/uploads\/2024\/05\/Nachec.gif\" alt=\"\" class=\"wp-image-6814\"\/><\/figure>\n\n\n\n<p>El expresidente de la Naci\u00f3n: Mauricio Macri, y titular de la conducci\u00f3n nacional del PRO, record\u00f3 las expectativas que le gener\u00f3 el hoy gobernador Leandro Zdero el d\u00eda que lo conoci\u00f3.<\/p>\n\n\n\n<p>\u201cSiempre me gust\u00f3 Leandro, desde que lo conoc\u00ed cuando estaba con A\u00edda, dije: este tipo es diferente. La verdad es que me daba esa sensaci\u00f3n, igual que lo que me pasa con el Presidente. Cuando uno tiene intencionalidad de gente buena, se nota\u201d, dijo, entrevistado en La Radio y el canal oficial Somos Uno.<\/p>\n\n\n\n<p>\u201cEs una persona sin perversiones. No es un manipulador como el que estuvo en el Chaco durante muchos a\u00f1os\u201d, agreg\u00f3, en obvia comparaci\u00f3n con el exgobernador Jorge Capitanich, aunque sin mencionarlo.<\/p>\n\n\n\n<p>Y siguieron los elogios: \u201cLos chaque\u00f1os han hecho una brillante elecci\u00f3n, con Leandro tienen un buen gobernador, aprov\u00e9chenlo, porque tiene una dura tarea por delante\u201d.<\/p>\n\n\n\n<p>Desde su perspectiva, \u201ccon seriedad y con audacia, con esas ideas m\u00e1s liberales, dando m\u00e1s espacio al sector privado, va a hacer una gran gesti\u00f3n\u201d.<\/p>\n\n\n\n<p>Y, para completar, cont\u00f3 que est\u00e1n en permanente contacto: \u201cCada tanto lo llamo, le pregunt\u00f3 c\u00f3mo est\u00e1\u201d.<\/p>\n","protected":false},"excerpt":{"rendered":"<p>El expresidente de la Naci\u00f3n: Mauricio Macri, y titular de la conducci\u00f3n nacional del PRO, record\u00f3 las expectativas que le gener\u00f3 el hoy gobernador Leandro Zdero el d\u00eda que lo conoci\u00f3. \u201cSiempre me gust\u00f3 Leandro, desde que lo conoc\u00ed cuando estaba con A\u00edda, dije: este tipo es diferente. La verdad es que me daba esa [&hellip;]<\/p>\n","protected":false},"author":1,"featured_media":8091,"comment_status":"open","ping_status":"open","sticky":false,"template":"","format":"standard","meta":{"footnotes":""},"categories":[27],"tags":[1467,29,422,195,1319,454,921],"class_list":["post-8090","post","type-post","status-publish","format-standard","has-post-thumbnail","hentry","category-politica","tag-aida","tag-capitanich","tag-chaquenos","tag-macri","tag-milei","tag-presidente","tag-zdero"],"_links":{"self":[{"href":"https:\/\/hdpnoticias.com.ar\/index.php?rest_route=\/wp\/v2\/posts\/8090","targetHints":{"allow":["GET"]}}],"collection":[{"href":"https:\/\/hdpnoticias.com.ar\/index.php?rest_route=\/wp\/v2\/posts"}],"about":[{"href":"https:\/\/hdpnoticias.com.ar\/index.php?rest_route=\/wp\/v2\/types\/post"}],"author":[{"embeddable":true,"href":"https:\/\/hdpnoticias.com.ar\/index.php?rest_route=\/wp\/v2\/users\/1"}],"replies":[{"embeddable":true,"href":"https:\/\/hdpnoticias.com.ar\/index.php?rest_route=%2Fwp%2Fv2%2Fcomments&post=8090"}],"version-history":[{"count":1,"href":"https:\/\/hdpnoticias.com.ar\/index.php?rest_route=\/wp\/v2\/posts\/8090\/revisions"}],"predecessor-version":[{"id":8092,"href":"https:\/\/hdpnoticias.com.ar\/index.php?rest_route=\/wp\/v2\/posts\/8090\/revisions\/8092"}],"wp:featuredmedia":[{"embeddable":true,"href":"https:\/\/hdpnoticias.com.ar\/index.php?rest_route=\/wp\/v2\/media\/8091"}],"wp:attachment":[{"href":"https:\/\/hdpnoticias.com.ar\/index.php?rest_route=%2Fwp%2Fv2%2Fmedia&parent=8090"}],"wp:term":[{"taxonomy":"category","embeddable":true,"href":"https:\/\/hdpnoticias.com.ar\/index.php?rest_route=%2Fwp%2Fv2%2Fcategories&post=8090"},{"taxonomy":"post_tag","embeddable":true,"href":"https:\/\/hdpnoticias.com.ar\/index.php?rest_route=%2Fwp%2Fv2%2Ftags&post=8090"}],"curies":[{"name":"wp","href":"https:\/\/api.w.org\/{rel}","templated":true}]}}