{"id":8038,"date":"2024-08-01T20:46:46","date_gmt":"2024-08-01T23:46:46","guid":{"rendered":"https:\/\/hdpnoticias.com.ar\/?p=8038"},"modified":"2024-08-01T20:46:48","modified_gmt":"2024-08-01T23:46:48","slug":"tragedia-en-saenz-pena-bebe-de-un-ano-se-ahogo-en-un-balde","status":"publish","type":"post","link":"https:\/\/hdpnoticias.com.ar\/?p=8038","title":{"rendered":"Tragedia en S\u00e1enz Pe\u00f1a: beb\u00e9 de un a\u00f1o se ahog\u00f3 en un balde"},"content":{"rendered":"\n<figure class=\"wp-block-image size-full\"><img loading=\"lazy\" decoding=\"async\" width=\"720\" height=\"90\" src=\"http:\/\/hdpnoticias.com.ar\/wp-content\/uploads\/2024\/05\/Obras-Publicas.gif\" alt=\"\" class=\"wp-image-6818\"\/><\/figure>\n\n\n\n<p>Una ni\u00f1ita de s\u00f3lo un a\u00f1o muri\u00f3 ahogada la siesta de este jueves en el barrio Toba de Presidencia Roque S\u00e1enz Pe\u00f1a.<\/p>\n\n\n\n<p>Su madre, de 28 a\u00f1os, relat\u00f3 a la Polic\u00eda que realizaba tareas de limpieza en su casa junto a su made, y que la peque\u00f1a deambulaba cerca de ella, pero en un omento la perdi\u00f3 de vista y sali\u00f3 al patio a buscarla. Ah\u00ed la encontr\u00f3 de cabeza dentro de un balde de 20 litros cargado de agua.<\/p>\n\n\n\n<p>La levant\u00f3 pero no logr\u00f3 reanimarla. Por eso llamaron a una ambulancia y como \u00e9sta demoraba, un vecino las traslad\u00f3 en su autom\u00f3vil particular al hospital 4 de Junio. Al arribar los m\u00e9dicos verificaron que ya estaba muerta.<\/p>\n","protected":false},"excerpt":{"rendered":"<p>Una ni\u00f1ita de s\u00f3lo un a\u00f1o muri\u00f3 ahogada la siesta de este jueves en el barrio Toba de Presidencia Roque S\u00e1enz Pe\u00f1a. Su madre, de 28 a\u00f1os, relat\u00f3 a la Polic\u00eda que realizaba tareas de limpieza en su casa junto a su made, y que la peque\u00f1a deambulaba cerca de ella, pero en un omento [&hellip;]<\/p>\n","protected":false},"author":1,"featured_media":8039,"comment_status":"open","ping_status":"open","sticky":false,"template":"","format":"standard","meta":{"footnotes":""},"categories":[26],"tags":[153,254,308,95,2913],"class_list":["post-8038","post","type-post","status-publish","format-standard","has-post-thumbnail","hentry","category-policiales","tag-4-de-junio","tag-ahogada","tag-bebe","tag-saenz-pena","tag-toba"],"_links":{"self":[{"href":"https:\/\/hdpnoticias.com.ar\/index.php?rest_route=\/wp\/v2\/posts\/8038","targetHints":{"allow":["GET"]}}],"collection":[{"href":"https:\/\/hdpnoticias.com.ar\/index.php?rest_route=\/wp\/v2\/posts"}],"about":[{"href":"https:\/\/hdpnoticias.com.ar\/index.php?rest_route=\/wp\/v2\/types\/post"}],"author":[{"embeddable":true,"href":"https:\/\/hdpnoticias.com.ar\/index.php?rest_route=\/wp\/v2\/users\/1"}],"replies":[{"embeddable":true,"href":"https:\/\/hdpnoticias.com.ar\/index.php?rest_route=%2Fwp%2Fv2%2Fcomments&post=8038"}],"version-history":[{"count":1,"href":"https:\/\/hdpnoticias.com.ar\/index.php?rest_route=\/wp\/v2\/posts\/8038\/revisions"}],"predecessor-version":[{"id":8040,"href":"https:\/\/hdpnoticias.com.ar\/index.php?rest_route=\/wp\/v2\/posts\/8038\/revisions\/8040"}],"wp:featuredmedia":[{"embeddable":true,"href":"https:\/\/hdpnoticias.com.ar\/index.php?rest_route=\/wp\/v2\/media\/8039"}],"wp:attachment":[{"href":"https:\/\/hdpnoticias.com.ar\/index.php?rest_route=%2Fwp%2Fv2%2Fmedia&parent=8038"}],"wp:term":[{"taxonomy":"category","embeddable":true,"href":"https:\/\/hdpnoticias.com.ar\/index.php?rest_route=%2Fwp%2Fv2%2Fcategories&post=8038"},{"taxonomy":"post_tag","embeddable":true,"href":"https:\/\/hdpnoticias.com.ar\/index.php?rest_route=%2Fwp%2Fv2%2Ftags&post=8038"}],"curies":[{"name":"wp","href":"https:\/\/api.w.org\/{rel}","templated":true}]}}