{"id":8021,"date":"2024-07-31T19:05:31","date_gmt":"2024-07-31T22:05:31","guid":{"rendered":"https:\/\/hdpnoticias.com.ar\/?p=8021"},"modified":"2024-08-05T09:32:39","modified_gmt":"2024-08-05T12:32:39","slug":"ningun-santo-san-cristobal-se-metio-con-magda-y-le-pegaron-un-archivazo","status":"publish","type":"post","link":"https:\/\/hdpnoticias.com.ar\/?p=8021","title":{"rendered":"Ning\u00fan santo: San Crist\u00f3bal se meti\u00f3 con Magda y le pegaron un archivazo"},"content":{"rendered":"\n<figure class=\"wp-block-image size-full\"><img loading=\"lazy\" decoding=\"async\" width=\"720\" height=\"90\" src=\"http:\/\/hdpnoticias.com.ar\/wp-content\/uploads\/2024\/05\/Obras-Publicas.gif\" alt=\"\" class=\"wp-image-6818\"\/><\/figure>\n\n\n\n<p>D\u00edas atr\u00e1s la intendente de Barranqueras cuestion\u00f3 la conducci\u00f3n del Partido Justicialista, encabezada por el exgobernador Jorge Capitanich por la falta de autocr\u00edtica tras la derrota electoral que desaloj\u00f3 al Frente Chaque\u00f1o del poder.<\/p>\n\n\n\n<p>Ella entiende que no se puede hablar de \u201creconstrucci\u00f3n\u201d con los responsables de la destrucci\u00f3n del proyecto pol\u00edtico, y consider\u00f3 err\u00f3nea la decisi\u00f3n de Coqui de rellenar las listas con sus funcionarios que \u201cforrearon a los intendentes\u201d durante 4 a\u00f1os.<\/p>\n\n\n\n<p>La afici\u00f3n coquista asoci\u00f3 r\u00e1pidamente sus declaraciones con una reuni\u00f3n que la intendente hab\u00eda mantenido con el gobernador Leandro Zdero, y, palabras m\u00e1s, palabras menos, la tacharon de traidora y \u201cpanqueque\u201d.<\/p>\n\n\n\n<p>Para completar, sin importar \u201cel qu\u00e9 dir\u00e1n\u201d, Magda particip\u00f3 de la Cabalgata de la Fe a San Pantale\u00f3n que parti\u00f3 de Quitilipi el pasado 26 de julio y lleg\u00f3 el d\u00eda siguiente al santuario en el Parque Nacional Chaco, en Pampa del Indio. Y, por si faltaba alimentar suspicacias, en un alto en el camino pos\u00f3 con Leandro, ambos quitilipenses; ella, m\u00e1s precisamente: oriunda de Villa Rural El Palmar.<\/p>\n\n\n\n<p>\u201cLo que es, es. Lo que no es, no es\u201d, public\u00f3 en las redes sociales el exdiputado provincial y principal referente del Frente Grande: Daniel San Crist\u00f3bal. Una insinuaci\u00f3n que varios comentaristas hicieron propia y aprovecharon para acusar a la intendente de &#8220;deslealtad\u201d y \u201ctraici\u00f3n\u201d a Capitanich que \u201cle dio todo\u201d.<\/p>\n\n\n\n<p>Pero no faltaron los memoriosos que respondieron en varios perfiles que, justamente, \u201cSan Crist\u00f3bal no es ning\u00fan santo\u201d, y recordaron que en 2001 conoci\u00f3 la C\u00e1mara de Diputados del Chaco desde adentro del bloque rozista Alianza Frente de Todos, y que un buen d\u00eda apareci\u00f3 en la lista del kirchnerista Frente para la Victoria buscando su reelecci\u00f3n. Y que en la misma banca del \u201cFrente Chico\u201d (Frente Grande), se sentaron sus partidarios Fabricio Bolatti, Daniel Trabal\u00f3n y su esposa Tere Cubells que ya empard\u00f3 su r\u00e9cord de 2 mandatos al hilo.<\/p>\n\n\n\n<p>\u201cNo se peleen entre ustedes\u201d, dir\u00eda Julito.<\/p>\n","protected":false},"excerpt":{"rendered":"<p>D\u00edas atr\u00e1s la intendente de Barranqueras cuestion\u00f3 la conducci\u00f3n del Partido Justicialista, encabezada por el exgobernador Jorge Capitanich por la falta de autocr\u00edtica tras la derrota electoral que desaloj\u00f3 al Frente Chaque\u00f1o del poder. Ella entiende que no se puede hablar de \u201creconstrucci\u00f3n\u201d con los responsables de la destrucci\u00f3n del proyecto pol\u00edtico, y consider\u00f3 err\u00f3nea [&hellip;]<\/p>\n","protected":false},"author":1,"featured_media":8022,"comment_status":"open","ping_status":"open","sticky":false,"template":"","format":"standard","meta":{"footnotes":""},"categories":[1],"tags":[4178,4177,29,905,1052,4179,4175,2143,4176,921],"class_list":["post-8021","post","type-post","status-publish","format-standard","has-post-thumbnail","hentry","category-pescado-podrido","tag-alianza","tag-bolatti","tag-capitanich","tag-cubells","tag-frente-chaqueno","tag-rozista","tag-san-cristobal","tag-san-pantaleon","tag-trabalon","tag-zdero"],"_links":{"self":[{"href":"https:\/\/hdpnoticias.com.ar\/index.php?rest_route=\/wp\/v2\/posts\/8021","targetHints":{"allow":["GET"]}}],"collection":[{"href":"https:\/\/hdpnoticias.com.ar\/index.php?rest_route=\/wp\/v2\/posts"}],"about":[{"href":"https:\/\/hdpnoticias.com.ar\/index.php?rest_route=\/wp\/v2\/types\/post"}],"author":[{"embeddable":true,"href":"https:\/\/hdpnoticias.com.ar\/index.php?rest_route=\/wp\/v2\/users\/1"}],"replies":[{"embeddable":true,"href":"https:\/\/hdpnoticias.com.ar\/index.php?rest_route=%2Fwp%2Fv2%2Fcomments&post=8021"}],"version-history":[{"count":2,"href":"https:\/\/hdpnoticias.com.ar\/index.php?rest_route=\/wp\/v2\/posts\/8021\/revisions"}],"predecessor-version":[{"id":8025,"href":"https:\/\/hdpnoticias.com.ar\/index.php?rest_route=\/wp\/v2\/posts\/8021\/revisions\/8025"}],"wp:featuredmedia":[{"embeddable":true,"href":"https:\/\/hdpnoticias.com.ar\/index.php?rest_route=\/wp\/v2\/media\/8022"}],"wp:attachment":[{"href":"https:\/\/hdpnoticias.com.ar\/index.php?rest_route=%2Fwp%2Fv2%2Fmedia&parent=8021"}],"wp:term":[{"taxonomy":"category","embeddable":true,"href":"https:\/\/hdpnoticias.com.ar\/index.php?rest_route=%2Fwp%2Fv2%2Fcategories&post=8021"},{"taxonomy":"post_tag","embeddable":true,"href":"https:\/\/hdpnoticias.com.ar\/index.php?rest_route=%2Fwp%2Fv2%2Ftags&post=8021"}],"curies":[{"name":"wp","href":"https:\/\/api.w.org\/{rel}","templated":true}]}}