{"id":8012,"date":"2024-07-30T21:11:35","date_gmt":"2024-07-31T00:11:35","guid":{"rendered":"https:\/\/hdpnoticias.com.ar\/?p=8012"},"modified":"2024-07-30T21:11:38","modified_gmt":"2024-07-31T00:11:38","slug":"ladron-con-3-pedidos-de-captura-cayo-en-barranqueras","status":"publish","type":"post","link":"https:\/\/hdpnoticias.com.ar\/?p=8012","title":{"rendered":"Ladr\u00f3n con 3 pedidos de captura cay\u00f3 en Barranqueras"},"content":{"rendered":"\n<figure class=\"wp-block-image size-full\"><img loading=\"lazy\" decoding=\"async\" width=\"728\" height=\"90\" src=\"http:\/\/hdpnoticias.com.ar\/wp-content\/uploads\/2024\/05\/Nachec.gif\" alt=\"\" class=\"wp-image-6814\"\/><\/figure>\n\n\n\n<p>Un hombre de 24 a\u00f1os fue detenido la ma\u00f1ana de este martes en un allanamiento realizado en su vivienda de Fray Rossi 664, en Barranqueras, en el marco de una causa en la que se investiga un robo a mano armada.<\/p>\n\n\n\n<p>Ah\u00ed los polic\u00edas secuestraron 2 televisores, un parlante port\u00e1til, un amplificador, un acorde\u00f3n, 3 guitarras, un taladro, una amoladora, 3 bicicletas, 2 ventiladores, un proyector, una Honda CB, una Honda Wave y una Kymco 125 cuyo origen no pudo ser demostrado por el due\u00f1o de casa.<\/p>\n\n\n\n<p>Adem\u00e1s, encontraron un revolver calibre 22, una carabina calibre 22 y proyectiles de ambos calibres.<\/p>\n\n\n\n<p>Al ser identificado y cruzar informaci\u00f3n con el Departamento Antecedentes Personales, se supo que sobre \u00e9l pesaban 3 pedidos de detenci\u00f3n por supuestos robos a mano armada, a instancias de las Fiscal\u00edas 6, 10 y 14, de Resistencia.<\/p>\n","protected":false},"excerpt":{"rendered":"<p>Un hombre de 24 a\u00f1os fue detenido la ma\u00f1ana de este martes en un allanamiento realizado en su vivienda de Fray Rossi 664, en Barranqueras, en el marco de una causa en la que se investiga un robo a mano armada. Ah\u00ed los polic\u00edas secuestraron 2 televisores, un parlante port\u00e1til, un amplificador, un acorde\u00f3n, 3 [&hellip;]<\/p>\n","protected":false},"author":1,"featured_media":8013,"comment_status":"open","ping_status":"open","sticky":false,"template":"","format":"standard","meta":{"footnotes":""},"categories":[26],"tags":[1011,53,445,4166,715,57],"class_list":["post-8012","post","type-post","status-publish","format-standard","has-post-thumbnail","hentry","category-policiales","tag-allanamiento","tag-barranqueras","tag-honda","tag-kymco","tag-ladron","tag-robo"],"_links":{"self":[{"href":"https:\/\/hdpnoticias.com.ar\/index.php?rest_route=\/wp\/v2\/posts\/8012","targetHints":{"allow":["GET"]}}],"collection":[{"href":"https:\/\/hdpnoticias.com.ar\/index.php?rest_route=\/wp\/v2\/posts"}],"about":[{"href":"https:\/\/hdpnoticias.com.ar\/index.php?rest_route=\/wp\/v2\/types\/post"}],"author":[{"embeddable":true,"href":"https:\/\/hdpnoticias.com.ar\/index.php?rest_route=\/wp\/v2\/users\/1"}],"replies":[{"embeddable":true,"href":"https:\/\/hdpnoticias.com.ar\/index.php?rest_route=%2Fwp%2Fv2%2Fcomments&post=8012"}],"version-history":[{"count":1,"href":"https:\/\/hdpnoticias.com.ar\/index.php?rest_route=\/wp\/v2\/posts\/8012\/revisions"}],"predecessor-version":[{"id":8014,"href":"https:\/\/hdpnoticias.com.ar\/index.php?rest_route=\/wp\/v2\/posts\/8012\/revisions\/8014"}],"wp:featuredmedia":[{"embeddable":true,"href":"https:\/\/hdpnoticias.com.ar\/index.php?rest_route=\/wp\/v2\/media\/8013"}],"wp:attachment":[{"href":"https:\/\/hdpnoticias.com.ar\/index.php?rest_route=%2Fwp%2Fv2%2Fmedia&parent=8012"}],"wp:term":[{"taxonomy":"category","embeddable":true,"href":"https:\/\/hdpnoticias.com.ar\/index.php?rest_route=%2Fwp%2Fv2%2Fcategories&post=8012"},{"taxonomy":"post_tag","embeddable":true,"href":"https:\/\/hdpnoticias.com.ar\/index.php?rest_route=%2Fwp%2Fv2%2Ftags&post=8012"}],"curies":[{"name":"wp","href":"https:\/\/api.w.org\/{rel}","templated":true}]}}