{"id":7882,"date":"2024-07-20T22:47:00","date_gmt":"2024-07-21T01:47:00","guid":{"rendered":"https:\/\/hdpnoticias.com.ar\/?p=7882"},"modified":"2024-07-21T09:51:26","modified_gmt":"2024-07-21T12:51:26","slug":"chaco-for-ever-despidio-a-valdez-gano-menos-que-osella","status":"publish","type":"post","link":"https:\/\/hdpnoticias.com.ar\/?p=7882","title":{"rendered":"Chaco For Ever despidi\u00f3 a Valdez: gan\u00f3 menos que Osella"},"content":{"rendered":"\n<figure class=\"wp-block-image size-full\"><img loading=\"lazy\" decoding=\"async\" width=\"720\" height=\"90\" src=\"http:\/\/hdpnoticias.com.ar\/wp-content\/uploads\/2024\/05\/Copy-of-720x90-1.gif\" alt=\"\" class=\"wp-image-6806\"\/><\/figure>\n\n\n\n<p>El Club Atl\u00e9tico Chaco For Ever inform\u00f3 este s\u00e1bado a trav\u00e9s de sus cuentas oficiales en las redes sociales que despidi\u00f3 al cuerpo t\u00e9cnico encabezado por Ra\u00fal Valdez, y se qued\u00f3 sin DT en un momento clave de la Primera Nacional, acuciado por el riesgo de caer en la Promoci\u00f3n.<\/p>\n\n\n\n<p>\u201cSe realiz\u00f3 una reuni\u00f3n entre la Comisi\u00f3n Directiva de la instituci\u00f3n y el Cuerpo T\u00e9cnico del plantel profesional, d\u00f3nde se lleg\u00f3 al acuerdo de dar un paso al costado en la conducci\u00f3n del primer equipo\u201d, reza el comunicado.<\/p>\n\n\n\n<p>Y completa: \u201cAsimismo, agradecemos a Ra\u00fal Valdez y todo su cuerpo t\u00e9cnico, por la gran calidad demostrada en su profesionalismo y compromiso de trabajo con el Club. Lamentamos la partida del profesor y sus ayudantes, dese\u00e1ndole el mayor de los \u00e9xitos en su futuro\u201d.<\/p>\n\n\n\n<p>El posteo no precisa las razones de la desvinculaci\u00f3n, aunque estas resultan obvias: de los 14 partidos disputados, gan\u00f3 3, empat\u00f3 3 y perdi\u00f3 8.<\/p>\n\n\n\n<p>Su antecesor Diego Osella hab\u00eda conseguido 9 puntos en 10 partidos, o 33 puntos en juego; \u00e9l s\u00f3lo sum\u00f3 12 puntos de los 42 posibles, lo que equivale a una efectividad de 28,5%, menor al 30 de Osella.<\/p>\n\n\n\n<p>Al final de la primera ronda Valdez hab\u00eda atribuido los malos resultados a las deplorables condiciones f\u00edsicas en las que recibi\u00f3 el plantel, y prometi\u00f3 ponerlo a punto. Pero la segunda parte de torneo fue a\u00fan peor.<\/p>\n\n\n\n<p>2 fechas atr\u00e1s hab\u00eda puesto su renuncia a disposici\u00f3n de la Comisi\u00f3n Directiva: \u201cUn DT es como un mec\u00e1nico: si le llev\u00e1s tu auto arreglar y no le encuentra la vuelta, ten\u00e9s que buscar otro. Yo no le estoy encontrando la vuelta\u201d, hab\u00eda confesado. Pero la dirigencia lo ratific\u00f3.<\/p>\n\n\n\n<p>La \u00faltima semana se hab\u00eda dicho satisfecho con el juego del equipo, y asegur\u00f3 que For Ever no pod\u00eda ganar por \u201cdetalles\u201d, como no convertir goles o cometer errores que terminaban en goles rivales.<\/p>\n","protected":false},"excerpt":{"rendered":"<p>El Club Atl\u00e9tico Chaco For Ever inform\u00f3 este s\u00e1bado a trav\u00e9s de sus cuentas oficiales en las redes sociales que despidi\u00f3 al cuerpo t\u00e9cnico encabezado por Ra\u00fal Valdez, y se qued\u00f3 sin DT en un momento clave de la Primera Nacional, acuciado por el riesgo de caer en la Promoci\u00f3n. \u201cSe realiz\u00f3 una reuni\u00f3n entre [&hellip;]<\/p>\n","protected":false},"author":1,"featured_media":7883,"comment_status":"open","ping_status":"open","sticky":false,"template":"","format":"standard","meta":{"footnotes":""},"categories":[24],"tags":[37,1635,2156,628,1055,4109,2282,3515],"class_list":["post-7882","post","type-post","status-publish","format-standard","has-post-thumbnail","hentry","category-deportes","tag-chaco","tag-descenso","tag-dt","tag-for-ever","tag-osella","tag-primera-naciona","tag-promocion","tag-valdez"],"_links":{"self":[{"href":"https:\/\/hdpnoticias.com.ar\/index.php?rest_route=\/wp\/v2\/posts\/7882","targetHints":{"allow":["GET"]}}],"collection":[{"href":"https:\/\/hdpnoticias.com.ar\/index.php?rest_route=\/wp\/v2\/posts"}],"about":[{"href":"https:\/\/hdpnoticias.com.ar\/index.php?rest_route=\/wp\/v2\/types\/post"}],"author":[{"embeddable":true,"href":"https:\/\/hdpnoticias.com.ar\/index.php?rest_route=\/wp\/v2\/users\/1"}],"replies":[{"embeddable":true,"href":"https:\/\/hdpnoticias.com.ar\/index.php?rest_route=%2Fwp%2Fv2%2Fcomments&post=7882"}],"version-history":[{"count":1,"href":"https:\/\/hdpnoticias.com.ar\/index.php?rest_route=\/wp\/v2\/posts\/7882\/revisions"}],"predecessor-version":[{"id":7884,"href":"https:\/\/hdpnoticias.com.ar\/index.php?rest_route=\/wp\/v2\/posts\/7882\/revisions\/7884"}],"wp:featuredmedia":[{"embeddable":true,"href":"https:\/\/hdpnoticias.com.ar\/index.php?rest_route=\/wp\/v2\/media\/7883"}],"wp:attachment":[{"href":"https:\/\/hdpnoticias.com.ar\/index.php?rest_route=%2Fwp%2Fv2%2Fmedia&parent=7882"}],"wp:term":[{"taxonomy":"category","embeddable":true,"href":"https:\/\/hdpnoticias.com.ar\/index.php?rest_route=%2Fwp%2Fv2%2Fcategories&post=7882"},{"taxonomy":"post_tag","embeddable":true,"href":"https:\/\/hdpnoticias.com.ar\/index.php?rest_route=%2Fwp%2Fv2%2Ftags&post=7882"}],"curies":[{"name":"wp","href":"https:\/\/api.w.org\/{rel}","templated":true}]}}