{"id":7857,"date":"2024-07-19T12:41:41","date_gmt":"2024-07-19T15:41:41","guid":{"rendered":"https:\/\/hdpnoticias.com.ar\/?p=7857"},"modified":"2024-08-05T08:58:55","modified_gmt":"2024-08-05T11:58:55","slug":"magda-pasa-factura-por-la-derrota-peronista-los-intendentes-fuimos-forreados","status":"publish","type":"post","link":"https:\/\/hdpnoticias.com.ar\/?p=7857","title":{"rendered":"Magda pasa factura por la derrota peronista: Los intendentes fuimos forreados"},"content":{"rendered":"\n<figure class=\"wp-block-image size-full\"><img loading=\"lazy\" decoding=\"async\" width=\"728\" height=\"90\" src=\"http:\/\/hdpnoticias.com.ar\/wp-content\/uploads\/2024\/05\/Nachec.gif\" alt=\"\" class=\"wp-image-6814\"\/><\/figure>\n\n\n\n<p>\u201cNo podemos reconstruir con actores que fueron parte de la derrota en la provincia\u201d, dijo la intendente de Barranqueras: Magda Ayala, entrevistada en Somos Uno y La Radio, sobre la instancia abierta en el Frente Chaque\u00f1o y la convocatoria lanzada por el exgobernador Jorge Capitanich, m\u00e1xima autoridad partidaria.<\/p>\n\n\n\n<p>Para ella, es un poco tarde para hacer autocr\u00edtica, algo que considera que cada uno ya realiz\u00f3, aunque m\u00e1s no sea internamente. \u201cTodos sabemos lo que pas\u00f3\u201d, sintetiz\u00f3.<\/p>\n\n\n\n<p>El \u00faltimo lunes Capitanich reuni\u00f3 la mesa ampliada de la conducci\u00f3n del PJ para bosquejar una estrategia con la mirada puesta en las elecciones legislativas del pr\u00f3ximo a\u00f1o. En ese marco, propuso conformar un \u201cgabinete de oposici\u00f3n\u201d como contracara de la gesti\u00f3n del gobernador Leandro Zdero.<\/p>\n\n\n\n<p>\u201cNo comparto esa idea de un gabinete de oposici\u00f3n\u201d, dijo Ayala, y adelant\u00f3 que su prioridad es la Municipalidad de Barranqueras: \u201cMi ciudad me eligi\u00f3 para gobernar, por lo que no la voy a descuidar\u201d, subray\u00f3, y aunque admiti\u00f3 que har\u00e1 &#8220;un peque\u00f1o aporte en la mesa de construcci\u00f3n\u201d, aclar\u00f3 que eso ser\u00e1 \u201csin actores que han da\u00f1ado mucho\u201d.<\/p>\n\n\n\n<p>Para ella no hay dudas sobre lo que motiv\u00f3 la derrota del Frente Chaque\u00f1o y el fracaso de Capitanich en la b\u00fasqueda de su cuarto mandato. \u201cNunca fuimos escuchados. Los intendentes nunca nos alejamos de la gente, y fuimos a plantear la situaci\u00f3n y c\u00f3mo estaba el term\u00f3metro en nuestras ciudades, pero la decisi\u00f3n la ten\u00eda que tomar una sola persona, y no la tom\u00f3\u201d, dijo, en obvia alusi\u00f3n a cierta falta de determinaci\u00f3n del propio Capitanich en un momento preciso.<\/p>\n\n\n\n<p>\u201cA m\u00ed me trataron de traidora porque saqu\u00e9 m\u00e1s votos que el gobernador\u201d, recort\u00f3 sobre el <strong><a href=\"https:\/\/hdpnoticias.com.ar\/?p=4252\">sustancial corte de boleta en Barranqueras<\/a><\/strong>. \u201cLa gente eligi\u00f3, pero subestimaron al electorado\u201d, plante\u00f3 recordando la n\u00edtida luz de alerta que encendi\u00f3 el escrutinio ya en las elecciones primarias, y que se reiter\u00f3 en las generales que significaron la derrota de Capitanich en primera vuelta.<\/p>\n\n\n\n<p><strong>Juan Carlos Ayala y Claudia Panzardi tambi\u00e9n<\/strong><\/p>\n\n\n\n<p>En el mismo tono que Magda Ayala se hab\u00eda expresado tambi\u00e9n la intendente de Laguna Blanca: <strong><a href=\"https:\/\/hdpnoticias.com.ar\/?p=7828\">Claudia Panzardi, que cuestion\u00f3 la falta de autocr\u00edtica<\/a><\/strong> y el llamado a la \u201creconstrucci\u00f3n\u201d de una propuesta electoral con los mismos actores se\u00f1alados como abono de la derrota electoral.<\/p>\n\n\n\n<p>Otras de las voces que demanda un sinceramiento de la conducci\u00f3n partidaria sobre el camino trazado en la \u00faltima gesti\u00f3n de Capitanich y la estrategia electoral que dej\u00f3 al justicialismo fuera del gobierno, es la del diputado provincial Juan Carlos Ayala. Para \u00e9l, no se puede pensar en el futuro sin sanear el pasado reciente con una profunda autocr\u00edtica y una reconfiguraci\u00f3n de la acci\u00f3n pol\u00edtica.<\/p>\n","protected":false},"excerpt":{"rendered":"<p>\u201cNo podemos reconstruir con actores que fueron parte de la derrota en la provincia\u201d, dijo la intendente de Barranqueras: Magda Ayala, entrevistada en Somos Uno y La Radio, sobre la instancia abierta en el Frente Chaque\u00f1o y la convocatoria lanzada por el exgobernador Jorge Capitanich, m\u00e1xima autoridad partidaria. Para ella, es un poco tarde para [&hellip;]<\/p>\n","protected":false},"author":1,"featured_media":7858,"comment_status":"open","ping_status":"open","sticky":false,"template":"","format":"standard","meta":{"footnotes":""},"categories":[27],"tags":[392,53,29,37,1882,4102,36,4101,1881,655,248,921],"class_list":["post-7857","post","type-post","status-publish","format-standard","has-post-thumbnail","hentry","category-politica","tag-ayala","tag-barranqueras","tag-capitanich","tag-chaco","tag-corte-de-boleta","tag-factura","tag-gobierno","tag-juan-carlos","tag-magda","tag-panzardi","tag-pj","tag-zdero"],"_links":{"self":[{"href":"https:\/\/hdpnoticias.com.ar\/index.php?rest_route=\/wp\/v2\/posts\/7857","targetHints":{"allow":["GET"]}}],"collection":[{"href":"https:\/\/hdpnoticias.com.ar\/index.php?rest_route=\/wp\/v2\/posts"}],"about":[{"href":"https:\/\/hdpnoticias.com.ar\/index.php?rest_route=\/wp\/v2\/types\/post"}],"author":[{"embeddable":true,"href":"https:\/\/hdpnoticias.com.ar\/index.php?rest_route=\/wp\/v2\/users\/1"}],"replies":[{"embeddable":true,"href":"https:\/\/hdpnoticias.com.ar\/index.php?rest_route=%2Fwp%2Fv2%2Fcomments&post=7857"}],"version-history":[{"count":3,"href":"https:\/\/hdpnoticias.com.ar\/index.php?rest_route=\/wp\/v2\/posts\/7857\/revisions"}],"predecessor-version":[{"id":7862,"href":"https:\/\/hdpnoticias.com.ar\/index.php?rest_route=\/wp\/v2\/posts\/7857\/revisions\/7862"}],"wp:featuredmedia":[{"embeddable":true,"href":"https:\/\/hdpnoticias.com.ar\/index.php?rest_route=\/wp\/v2\/media\/7858"}],"wp:attachment":[{"href":"https:\/\/hdpnoticias.com.ar\/index.php?rest_route=%2Fwp%2Fv2%2Fmedia&parent=7857"}],"wp:term":[{"taxonomy":"category","embeddable":true,"href":"https:\/\/hdpnoticias.com.ar\/index.php?rest_route=%2Fwp%2Fv2%2Fcategories&post=7857"},{"taxonomy":"post_tag","embeddable":true,"href":"https:\/\/hdpnoticias.com.ar\/index.php?rest_route=%2Fwp%2Fv2%2Ftags&post=7857"}],"curies":[{"name":"wp","href":"https:\/\/api.w.org\/{rel}","templated":true}]}}