{"id":7833,"date":"2024-07-17T07:03:22","date_gmt":"2024-07-17T10:03:22","guid":{"rendered":"https:\/\/hdpnoticias.com.ar\/?p=7833"},"modified":"2024-07-17T07:03:24","modified_gmt":"2024-07-17T10:03:24","slug":"emerenciano-no-puede-faltar-zdero-imagina-el-gabinete-opositor-de-capitanich","status":"publish","type":"post","link":"https:\/\/hdpnoticias.com.ar\/?p=7833","title":{"rendered":"Emerenciano no puede faltar: Zdero imagina el gabinete opositor de Capitanich"},"content":{"rendered":"\n<figure class=\"wp-block-image size-full\"><img loading=\"lazy\" decoding=\"async\" width=\"728\" height=\"90\" src=\"http:\/\/hdpnoticias.com.ar\/wp-content\/uploads\/2024\/05\/Nachec.gif\" alt=\"\" class=\"wp-image-6814\"\/><\/figure>\n\n\n\n<p>El exgobernador Jorge Capitanich encabez\u00f3 recientemente, en su car\u00e1cter de presidente, una reuni\u00f3n ampliada del Consejo Provincial del Partido Justicialista, en el que analiz\u00f3 el contexto pol\u00edtico internacional, nacional y provincial.<\/p>\n\n\n\n<p>En ese marco cuestiono los pasos de Leandro Zdero, que lo sucedi\u00f3 en la gobernaci\u00f3n despu\u00e9s de haberlo derrotado en primera vuelta en las elecciones del a\u00f1o pasado.<\/p>\n\n\n\n<p>Capitanich insisti\u00f3 ante sus partidarios de la conducci\u00f3n justicialista sobre la necesidad de reorganizar no s\u00f3lo el partido sino un arco opositor pensando en las elecciones legislativas de 2025.<\/p>\n\n\n\n<p>Para \u00e9l, ser\u00eda ideal la conformaci\u00f3n de un \u201cgabinete de oposici\u00f3n\u201d como contracara a la actual gesti\u00f3n, lo que implicar\u00eda darle una suerte de marco institucional al bloque del Frente Chaque\u00f1o que integran 5 exfuncionarios: los exministros de Planificaci\u00f3n, Econom\u00eda e Infraestructura: Santiago P\u00e9rez Pons, de Desarrollo Social: Mar\u00eda P\u00eda Chiacchio Cavana, y de Salud: Paola Ben\u00edtez, m\u00e1s el exsecretario de Municipios: Rodrigo Ocampo, y la extitular del Instituto de Cultura: Mariela Quir\u00f3s.<\/p>\n\n\n\n<p>El Gobierno respondi\u00f3 ir\u00f3nicamente a su propuesta: \u201cVeo a Emerenciano como ministro de Seguridad\u201d, dijo el gobernador Zdero atribuy\u00e9ndole al dirigente piquetero un rol en un supuesto \u201cgabinete en las sombras\u201d.<\/p>\n\n\n\n<p>En el mismo tono se expres\u00f3 el secretario de Asuntos Estrat\u00e9gicos: Marcos Resico que, en este gabinete de Capitanich, cree que Emerenciano podr\u00eda desempe\u00f1arse como secretario de Derechos Humanos.<\/p>\n\n\n\n<p>As\u00ed, aunque sin ahondar en los antecedentes del l\u00edder piquetero, apuntaron a 2 de sus facetas: por un lado su protagonismo en los piquetes como modalidad de protesta, y por el otro su situaci\u00f3n de imputado y detenido, junto a su mujer, la dirigente social Marcela Acu\u00f1a y su hijo C\u00e9sar Sena, los 3 sindicados como autores del asesinato de Cecilia Strzyzowski, pareja de \u00e9ste \u00faltimo; crimen ocurrido en junio de 2023 en plena campa\u00f1a proselitista en la que Sena y Acu\u00f1a eran precandidatos del Frente Chaque\u00f1o que buscaba la reelecci\u00f3n de Capitanich.<\/p>\n","protected":false},"excerpt":{"rendered":"<p>El exgobernador Jorge Capitanich encabez\u00f3 recientemente, en su car\u00e1cter de presidente, una reuni\u00f3n ampliada del Consejo Provincial del Partido Justicialista, en el que analiz\u00f3 el contexto pol\u00edtico internacional, nacional y provincial. En ese marco cuestiono los pasos de Leandro Zdero, que lo sucedi\u00f3 en la gobernaci\u00f3n despu\u00e9s de haberlo derrotado en primera vuelta en las [&hellip;]<\/p>\n","protected":false},"author":1,"featured_media":1735,"comment_status":"open","ping_status":"open","sticky":false,"template":"","format":"standard","meta":{"footnotes":""},"categories":[27],"tags":[29,1813,1052,264,244,283,248,4088,798,921],"class_list":["post-7833","post","type-post","status-publish","format-standard","has-post-thumbnail","hentry","category-politica","tag-capitanich","tag-cecilia","tag-frente-chaqueno","tag-gabinete","tag-gobernador","tag-homicidio","tag-pj","tag-resico","tag-sena","tag-zdero"],"_links":{"self":[{"href":"https:\/\/hdpnoticias.com.ar\/index.php?rest_route=\/wp\/v2\/posts\/7833","targetHints":{"allow":["GET"]}}],"collection":[{"href":"https:\/\/hdpnoticias.com.ar\/index.php?rest_route=\/wp\/v2\/posts"}],"about":[{"href":"https:\/\/hdpnoticias.com.ar\/index.php?rest_route=\/wp\/v2\/types\/post"}],"author":[{"embeddable":true,"href":"https:\/\/hdpnoticias.com.ar\/index.php?rest_route=\/wp\/v2\/users\/1"}],"replies":[{"embeddable":true,"href":"https:\/\/hdpnoticias.com.ar\/index.php?rest_route=%2Fwp%2Fv2%2Fcomments&post=7833"}],"version-history":[{"count":1,"href":"https:\/\/hdpnoticias.com.ar\/index.php?rest_route=\/wp\/v2\/posts\/7833\/revisions"}],"predecessor-version":[{"id":7834,"href":"https:\/\/hdpnoticias.com.ar\/index.php?rest_route=\/wp\/v2\/posts\/7833\/revisions\/7834"}],"wp:featuredmedia":[{"embeddable":true,"href":"https:\/\/hdpnoticias.com.ar\/index.php?rest_route=\/wp\/v2\/media\/1735"}],"wp:attachment":[{"href":"https:\/\/hdpnoticias.com.ar\/index.php?rest_route=%2Fwp%2Fv2%2Fmedia&parent=7833"}],"wp:term":[{"taxonomy":"category","embeddable":true,"href":"https:\/\/hdpnoticias.com.ar\/index.php?rest_route=%2Fwp%2Fv2%2Fcategories&post=7833"},{"taxonomy":"post_tag","embeddable":true,"href":"https:\/\/hdpnoticias.com.ar\/index.php?rest_route=%2Fwp%2Fv2%2Ftags&post=7833"}],"curies":[{"name":"wp","href":"https:\/\/api.w.org\/{rel}","templated":true}]}}