{"id":7828,"date":"2024-07-16T20:06:54","date_gmt":"2024-07-16T23:06:54","guid":{"rendered":"https:\/\/hdpnoticias.com.ar\/?p=7828"},"modified":"2024-07-16T20:06:57","modified_gmt":"2024-07-16T23:06:57","slug":"interna-coquista-panzardi-disparo-contra-los-que-nunca-ganaron-nada-y-destruyen-todo","status":"publish","type":"post","link":"https:\/\/hdpnoticias.com.ar\/?p=7828","title":{"rendered":"Interna coquista: Panzardi dispar\u00f3 contra los que nunca ganaron nada y destruyen todo"},"content":{"rendered":"\n<figure class=\"wp-block-image size-full\"><img loading=\"lazy\" decoding=\"async\" width=\"720\" height=\"90\" src=\"http:\/\/hdpnoticias.com.ar\/wp-content\/uploads\/2024\/05\/Obras-Publicas.gif\" alt=\"\" class=\"wp-image-6818\"\/><\/figure>\n\n\n\n<p>La intendente de Laguna Blanca: Claudia Panzardi, preside el Congreso Provincial del Partido Justicialista, y en ese car\u00e1cter ocup\u00f3 un lugar junto al exgobernador Jorge Capitanich, titular partidario, en la mesa que reuni\u00f3 el lunes al Consejo Provincial.<\/p>\n\n\n\n<p>En los \u00faltimos d\u00edas fue blanco de cr\u00edticas de algunos de sus partidarios que la vieron muy cerca del gobernador Leandro Zdero, con quien comparti\u00f3 hasta el 10 de diciembre pasado el recinto de la Legislatura, y recientemente lo recibi\u00f3 en los festejos del 136\u00b0 aniversario de su localidad.<\/p>\n\n\n\n<p>Antes hab\u00eda avalado la adhesi\u00f3n de Zdero al Pacto de Mayo firmado con otros 17 gobernadores y el presidente de la Naci\u00f3n: Javier Milei el \u00faltimo 9 de julio en Tucum\u00e1n. Ella aclar\u00f3 que no coincide con el Pacto, propiamente dicho, pero que entiende la conveniencia de asistir a instancias abiertas para trazar pautas de gobernabilidad:<\/p>\n\n\n\n<p>\u201cAs\u00ed como el gobernador tiene que entablar una relaci\u00f3n institucional responsable con la Naci\u00f3n, los municipios lo tienen que hacer con la Provincia\u201d, dijo, respondiendo a las cr\u00edticas recibidas desde el interior del coquismo.<\/p>\n\n\n\n<p>\u201cEn este momento nos necesitamos todos, necesitamos construir con visi\u00f3n de futuro, de grandeza. Hay algunas cuestiones que tenemos que trabajar en el \u00e1mbito interno, en el Congreso, en el Consejo y en los Foros\u201d, dijo, pero r\u00e1pidamente ampli\u00f3: \u201cNos falta movilizaci\u00f3n y cohesi\u00f3n. Hay compa\u00f1eros y compa\u00f1eras que en vez de construir destruyen con sus declaraciones. Siembran ciza\u00f1a permanentemente, se olvidan que nunca ganaron una elecci\u00f3n\u201d.<\/p>\n\n\n\n<p>Y, aunque t\u00e1citamente, mir\u00f3 a exfuncionarios del \u00faltimo gobierno de Capitanich endos\u00e1ndoles la derrota electoral que los desplaz\u00f3 del gobierno: \u201c\u00bfQu\u00e9 pas\u00f3 en esos 4 a\u00f1os? Eso que nos pas\u00f3, nos pas\u00f3 en la gesti\u00f3n. Tuvimos un gobernador que ten\u00eda todo para construir y transformar la provincia pero no estaba apoyado como correspond\u00eda, porque ten\u00edan que desenvolverse en el territorio y no lo hicieron\u201d, les chant\u00f3.<\/p>\n\n\n\n<p>\u201cCreyeron que se pod\u00eda gobernar a trav\u00e9s de las redes sociales, con vide\u00edtos editados. Cree que un t\u00edtulo universitario los convierte en un cuadro pol\u00edtico formado pero nunca tuvieron contacto con la gente\u201d, remat\u00f3.<\/p>\n","protected":false},"excerpt":{"rendered":"<p>La intendente de Laguna Blanca: Claudia Panzardi, preside el Congreso Provincial del Partido Justicialista, y en ese car\u00e1cter ocup\u00f3 un lugar junto al exgobernador Jorge Capitanich, titular partidario, en la mesa que reuni\u00f3 el lunes al Consejo Provincial. En los \u00faltimos d\u00edas fue blanco de cr\u00edticas de algunos de sus partidarios que la vieron muy [&hellip;]<\/p>\n","protected":false},"author":1,"featured_media":2686,"comment_status":"open","ping_status":"open","sticky":false,"template":"","format":"standard","meta":{"footnotes":""},"categories":[27],"tags":[29,2713,4085,4086,1319,3799,655,2146,921],"class_list":["post-7828","post","type-post","status-publish","format-standard","has-post-thumbnail","hentry","category-politica","tag-capitanich","tag-coquismo","tag-criticas","tag-derrota-electoral","tag-milei","tag-pacto-de-mayo","tag-panzardi","tag-partido-justicialista","tag-zdero"],"_links":{"self":[{"href":"https:\/\/hdpnoticias.com.ar\/index.php?rest_route=\/wp\/v2\/posts\/7828","targetHints":{"allow":["GET"]}}],"collection":[{"href":"https:\/\/hdpnoticias.com.ar\/index.php?rest_route=\/wp\/v2\/posts"}],"about":[{"href":"https:\/\/hdpnoticias.com.ar\/index.php?rest_route=\/wp\/v2\/types\/post"}],"author":[{"embeddable":true,"href":"https:\/\/hdpnoticias.com.ar\/index.php?rest_route=\/wp\/v2\/users\/1"}],"replies":[{"embeddable":true,"href":"https:\/\/hdpnoticias.com.ar\/index.php?rest_route=%2Fwp%2Fv2%2Fcomments&post=7828"}],"version-history":[{"count":1,"href":"https:\/\/hdpnoticias.com.ar\/index.php?rest_route=\/wp\/v2\/posts\/7828\/revisions"}],"predecessor-version":[{"id":7829,"href":"https:\/\/hdpnoticias.com.ar\/index.php?rest_route=\/wp\/v2\/posts\/7828\/revisions\/7829"}],"wp:featuredmedia":[{"embeddable":true,"href":"https:\/\/hdpnoticias.com.ar\/index.php?rest_route=\/wp\/v2\/media\/2686"}],"wp:attachment":[{"href":"https:\/\/hdpnoticias.com.ar\/index.php?rest_route=%2Fwp%2Fv2%2Fmedia&parent=7828"}],"wp:term":[{"taxonomy":"category","embeddable":true,"href":"https:\/\/hdpnoticias.com.ar\/index.php?rest_route=%2Fwp%2Fv2%2Fcategories&post=7828"},{"taxonomy":"post_tag","embeddable":true,"href":"https:\/\/hdpnoticias.com.ar\/index.php?rest_route=%2Fwp%2Fv2%2Ftags&post=7828"}],"curies":[{"name":"wp","href":"https:\/\/api.w.org\/{rel}","templated":true}]}}