{"id":7823,"date":"2024-07-16T17:34:52","date_gmt":"2024-07-16T20:34:52","guid":{"rendered":"https:\/\/hdpnoticias.com.ar\/?p=7823"},"modified":"2024-07-16T17:34:55","modified_gmt":"2024-07-16T20:34:55","slug":"encontraron-muerto-con-un-tiro-en-la-cabeza-a-un-efectivo-penitenciario-en-saenz-pena","status":"publish","type":"post","link":"https:\/\/hdpnoticias.com.ar\/?p=7823","title":{"rendered":"Encontraron muerto con un tiro en la cabeza a un efectivo penitenciario en S\u00e1enz Pe\u00f1a"},"content":{"rendered":"\n<figure class=\"wp-block-image size-full\"><img loading=\"lazy\" decoding=\"async\" width=\"720\" height=\"90\" src=\"http:\/\/hdpnoticias.com.ar\/wp-content\/uploads\/2024\/05\/Copy-of-720x90-1.gif\" alt=\"\" class=\"wp-image-6806\"\/><\/figure>\n\n\n\n<p>La siesta de este martes, un llamado telef\u00f3nico alert\u00f3 a la Polic\u00eda sobre un supuesto suicidio en el barrio MTD de Presidencia Roque S\u00e1enz Pe\u00f1a.<\/p>\n\n\n\n<p>Una comisi\u00f3n policial de la Comisar\u00eda Sexta acudi\u00f3 a una vivienda de la calle 35 bis, donde resid\u00eda Fabricio Fabi\u00e1n Godoy, de 33 a\u00f1os, empleado del Servicio Penitenciario Provincial con prestaci\u00f3n de servicio en el Complejo Penitenciario 2.<\/p>\n\n\n\n<p>Lo encontraron tendido en la cama, muerto, con una herida de bala en la cabeza y su pistola reglamentaria en una mano.<\/p>\n\n\n\n<p>Peritos del Gabinete Cient\u00edfico relevaron la escena para determinar pormenores del hecho.<\/p>\n","protected":false},"excerpt":{"rendered":"<p>La siesta de este martes, un llamado telef\u00f3nico alert\u00f3 a la Polic\u00eda sobre un supuesto suicidio en el barrio MTD de Presidencia Roque S\u00e1enz Pe\u00f1a. Una comisi\u00f3n policial de la Comisar\u00eda Sexta acudi\u00f3 a una vivienda de la calle 35 bis, donde resid\u00eda Fabricio Fabi\u00e1n Godoy, de 33 a\u00f1os, empleado del Servicio Penitenciario Provincial con [&hellip;]<\/p>\n","protected":false},"author":1,"featured_media":7822,"comment_status":"open","ping_status":"open","sticky":false,"template":"","format":"standard","meta":{"footnotes":""},"categories":[26],"tags":[2409,1272,1010,95,115],"class_list":["post-7823","post","type-post","status-publish","format-standard","has-post-thumbnail","hentry","category-policiales","tag-mtd","tag-penitenciario","tag-pistola","tag-saenz-pena","tag-suicidio"],"_links":{"self":[{"href":"https:\/\/hdpnoticias.com.ar\/index.php?rest_route=\/wp\/v2\/posts\/7823","targetHints":{"allow":["GET"]}}],"collection":[{"href":"https:\/\/hdpnoticias.com.ar\/index.php?rest_route=\/wp\/v2\/posts"}],"about":[{"href":"https:\/\/hdpnoticias.com.ar\/index.php?rest_route=\/wp\/v2\/types\/post"}],"author":[{"embeddable":true,"href":"https:\/\/hdpnoticias.com.ar\/index.php?rest_route=\/wp\/v2\/users\/1"}],"replies":[{"embeddable":true,"href":"https:\/\/hdpnoticias.com.ar\/index.php?rest_route=%2Fwp%2Fv2%2Fcomments&post=7823"}],"version-history":[{"count":1,"href":"https:\/\/hdpnoticias.com.ar\/index.php?rest_route=\/wp\/v2\/posts\/7823\/revisions"}],"predecessor-version":[{"id":7824,"href":"https:\/\/hdpnoticias.com.ar\/index.php?rest_route=\/wp\/v2\/posts\/7823\/revisions\/7824"}],"wp:featuredmedia":[{"embeddable":true,"href":"https:\/\/hdpnoticias.com.ar\/index.php?rest_route=\/wp\/v2\/media\/7822"}],"wp:attachment":[{"href":"https:\/\/hdpnoticias.com.ar\/index.php?rest_route=%2Fwp%2Fv2%2Fmedia&parent=7823"}],"wp:term":[{"taxonomy":"category","embeddable":true,"href":"https:\/\/hdpnoticias.com.ar\/index.php?rest_route=%2Fwp%2Fv2%2Fcategories&post=7823"},{"taxonomy":"post_tag","embeddable":true,"href":"https:\/\/hdpnoticias.com.ar\/index.php?rest_route=%2Fwp%2Fv2%2Ftags&post=7823"}],"curies":[{"name":"wp","href":"https:\/\/api.w.org\/{rel}","templated":true}]}}