{"id":7814,"date":"2024-07-15T18:53:58","date_gmt":"2024-07-15T21:53:58","guid":{"rendered":"https:\/\/hdpnoticias.com.ar\/?p=7814"},"modified":"2024-08-05T08:46:46","modified_gmt":"2024-08-05T11:46:46","slug":"anciano-de-93-anos-acusado-de-secuestrar-y-amenazar-con-acribillar-a-su-ex-de-37","status":"publish","type":"post","link":"https:\/\/hdpnoticias.com.ar\/?p=7814","title":{"rendered":"Anciano de 93 a\u00f1os acusado de secuestrar y amenazar con acribillar a su ex de 37"},"content":{"rendered":"\n<figure class=\"wp-block-image size-full\"><img loading=\"lazy\" decoding=\"async\" width=\"728\" height=\"90\" src=\"http:\/\/hdpnoticias.com.ar\/wp-content\/uploads\/2024\/05\/Nachec.gif\" alt=\"\" class=\"wp-image-6814\"\/><\/figure>\n\n\n\n<p>Una mujer de 37 a\u00f1os denunci\u00f3 ante la Comisar\u00eda Tercera de Fontana haber sido v\u00edctima de un secuestro y amenaza de muerte de parte de su expareja, de 93.<\/p>\n\n\n\n<p>Relat\u00f3 que durante un mes permaneci\u00f3 encerrada por \u00e9ste en su casa de la calle Augusto Rey, raptada, y que reci\u00e9n logr\u00f3 escapar la \u00faltima semana.<\/p>\n\n\n\n<p>Durante el tiempo que dur\u00f3 su cautiverio, el hombre bland\u00eda un rev\u00f3lver amenaz\u00e1ndola con matarla y lleg\u00f3 a enca\u00f1onarla diciendo: \u201cAc\u00e1 tengo 6 plomos para vos\u201d.<\/p>\n\n\n\n<p>Tras la denuncia, el anciano fue detenido por presunta privaci\u00f3n ileg\u00edtima de la libertad y presuntas amenazas en contexto de violencia de g\u00e9nero.<\/p>\n","protected":false},"excerpt":{"rendered":"<p>Una mujer de 37 a\u00f1os denunci\u00f3 ante la Comisar\u00eda Tercera de Fontana haber sido v\u00edctima de un secuestro y amenaza de muerte de parte de su expareja, de 93. Relat\u00f3 que durante un mes permaneci\u00f3 encerrada por \u00e9ste en su casa de la calle Augusto Rey, raptada, y que reci\u00e9n logr\u00f3 escapar la \u00faltima semana. [&hellip;]<\/p>\n","protected":false},"author":1,"featured_media":7815,"comment_status":"open","ping_status":"open","sticky":false,"template":"","format":"standard","meta":{"footnotes":""},"categories":[26],"tags":[864,312,3549,75,764,548],"class_list":["post-7814","post","type-post","status-publish","format-standard","has-post-thumbnail","hentry","category-policiales","tag-amenazas","tag-anciano","tag-expareja","tag-fontana","tag-secuestro","tag-violencia-de-genero"],"_links":{"self":[{"href":"https:\/\/hdpnoticias.com.ar\/index.php?rest_route=\/wp\/v2\/posts\/7814","targetHints":{"allow":["GET"]}}],"collection":[{"href":"https:\/\/hdpnoticias.com.ar\/index.php?rest_route=\/wp\/v2\/posts"}],"about":[{"href":"https:\/\/hdpnoticias.com.ar\/index.php?rest_route=\/wp\/v2\/types\/post"}],"author":[{"embeddable":true,"href":"https:\/\/hdpnoticias.com.ar\/index.php?rest_route=\/wp\/v2\/users\/1"}],"replies":[{"embeddable":true,"href":"https:\/\/hdpnoticias.com.ar\/index.php?rest_route=%2Fwp%2Fv2%2Fcomments&post=7814"}],"version-history":[{"count":1,"href":"https:\/\/hdpnoticias.com.ar\/index.php?rest_route=\/wp\/v2\/posts\/7814\/revisions"}],"predecessor-version":[{"id":7816,"href":"https:\/\/hdpnoticias.com.ar\/index.php?rest_route=\/wp\/v2\/posts\/7814\/revisions\/7816"}],"wp:featuredmedia":[{"embeddable":true,"href":"https:\/\/hdpnoticias.com.ar\/index.php?rest_route=\/wp\/v2\/media\/7815"}],"wp:attachment":[{"href":"https:\/\/hdpnoticias.com.ar\/index.php?rest_route=%2Fwp%2Fv2%2Fmedia&parent=7814"}],"wp:term":[{"taxonomy":"category","embeddable":true,"href":"https:\/\/hdpnoticias.com.ar\/index.php?rest_route=%2Fwp%2Fv2%2Fcategories&post=7814"},{"taxonomy":"post_tag","embeddable":true,"href":"https:\/\/hdpnoticias.com.ar\/index.php?rest_route=%2Fwp%2Fv2%2Ftags&post=7814"}],"curies":[{"name":"wp","href":"https:\/\/api.w.org\/{rel}","templated":true}]}}