{"id":7810,"date":"2024-07-14T19:47:00","date_gmt":"2024-07-14T22:47:00","guid":{"rendered":"https:\/\/hdpnoticias.com.ar\/?p=7810"},"modified":"2024-08-05T08:43:58","modified_gmt":"2024-08-05T11:43:58","slug":"el-clima-invita-a-la-bienal-de-esculturas","status":"publish","type":"post","link":"https:\/\/hdpnoticias.com.ar\/?p=7810","title":{"rendered":"El clima invita a la Bienal de Esculturas"},"content":{"rendered":"\n<figure class=\"wp-block-image size-full\"><img loading=\"lazy\" decoding=\"async\" width=\"728\" height=\"90\" src=\"http:\/\/hdpnoticias.com.ar\/wp-content\/uploads\/2024\/05\/Nachec.gif\" alt=\"\" class=\"wp-image-6814\"\/><\/figure>\n\n\n\n<p>Al cabo de varias hornadas heladas en Resistencia, el sol asom\u00f3 con nitidez y elev\u00f3 sensiblemente la temperatura durante este fin de semana, que se present\u00f3 propicio para las actividades al aire libre.<\/p>\n\n\n\n<p>La agenda de las vacaciones de invierno en la capital provincial la encabeza la Bienal Internacional de Esculturas, evento que identifica no s\u00f3lo a la ciudad sino a toda la provincia en el mapa cultural.<\/p>\n\n\n\n<p>En esta oportunidad 10 escultores de distintos puntos del mundo construir\u00e1n sus obras con metal como material exclusivo.<\/p>\n\n\n\n<p>Este domingo una multitud colm\u00f3 el predio del Parque 2 de Febrero y Domo del Centenario para participar de las m\u00faltiples actividades desplegadas en torno al certamen de esculturas que se extender\u00e1 hasta el pr\u00f3ximo s\u00e1bado.<\/p>\n\n\n\n<p>El Servicio Meteorol\u00f3gico Nacional vaticina que el clima ser\u00e1 un aliado de la convocatoria durante toda la semana, con temperaturas entre 10 y 20\u00b0C los primeros d\u00edas, que hacia el fin de semana trepar\u00e1 al rango de entre 20 y 30\u00b0.<\/p>\n","protected":false},"excerpt":{"rendered":"<p>Al cabo de varias hornadas heladas en Resistencia, el sol asom\u00f3 con nitidez y elev\u00f3 sensiblemente la temperatura durante este fin de semana, que se present\u00f3 propicio para las actividades al aire libre. La agenda de las vacaciones de invierno en la capital provincial la encabeza la Bienal Internacional de Esculturas, evento que identifica no [&hellip;]<\/p>\n","protected":false},"author":1,"featured_media":7811,"comment_status":"open","ping_status":"open","sticky":false,"template":"","format":"standard","meta":{"footnotes":""},"categories":[28],"tags":[3096,4082,1050,37,3267,3170,4083,4055,2598,49],"class_list":["post-7810","post","type-post","status-publish","format-standard","has-post-thumbnail","hentry","category-cultura","tag-3096","tag-bienal","tag-centenario","tag-chaco","tag-clima","tag-domo","tag-esculturas","tag-heladas","tag-metal","tag-resistencia"],"_links":{"self":[{"href":"https:\/\/hdpnoticias.com.ar\/index.php?rest_route=\/wp\/v2\/posts\/7810","targetHints":{"allow":["GET"]}}],"collection":[{"href":"https:\/\/hdpnoticias.com.ar\/index.php?rest_route=\/wp\/v2\/posts"}],"about":[{"href":"https:\/\/hdpnoticias.com.ar\/index.php?rest_route=\/wp\/v2\/types\/post"}],"author":[{"embeddable":true,"href":"https:\/\/hdpnoticias.com.ar\/index.php?rest_route=\/wp\/v2\/users\/1"}],"replies":[{"embeddable":true,"href":"https:\/\/hdpnoticias.com.ar\/index.php?rest_route=%2Fwp%2Fv2%2Fcomments&post=7810"}],"version-history":[{"count":1,"href":"https:\/\/hdpnoticias.com.ar\/index.php?rest_route=\/wp\/v2\/posts\/7810\/revisions"}],"predecessor-version":[{"id":7812,"href":"https:\/\/hdpnoticias.com.ar\/index.php?rest_route=\/wp\/v2\/posts\/7810\/revisions\/7812"}],"wp:featuredmedia":[{"embeddable":true,"href":"https:\/\/hdpnoticias.com.ar\/index.php?rest_route=\/wp\/v2\/media\/7811"}],"wp:attachment":[{"href":"https:\/\/hdpnoticias.com.ar\/index.php?rest_route=%2Fwp%2Fv2%2Fmedia&parent=7810"}],"wp:term":[{"taxonomy":"category","embeddable":true,"href":"https:\/\/hdpnoticias.com.ar\/index.php?rest_route=%2Fwp%2Fv2%2Fcategories&post=7810"},{"taxonomy":"post_tag","embeddable":true,"href":"https:\/\/hdpnoticias.com.ar\/index.php?rest_route=%2Fwp%2Fv2%2Ftags&post=7810"}],"curies":[{"name":"wp","href":"https:\/\/api.w.org\/{rel}","templated":true}]}}