{"id":7784,"date":"2024-07-12T17:25:27","date_gmt":"2024-07-12T20:25:27","guid":{"rendered":"https:\/\/hdpnoticias.com.ar\/?p=7784"},"modified":"2024-07-12T17:25:29","modified_gmt":"2024-07-12T20:25:29","slug":"un-mes-sin-loan-valdes-echo-al-ministro-de-seguridad","status":"publish","type":"post","link":"https:\/\/hdpnoticias.com.ar\/?p=7784","title":{"rendered":"Un mes sin Loan: Vald\u00e9s ech\u00f3 al ministro de Seguridad"},"content":{"rendered":"\n<figure class=\"wp-block-image size-full\"><img loading=\"lazy\" decoding=\"async\" width=\"720\" height=\"90\" src=\"http:\/\/hdpnoticias.com.ar\/wp-content\/uploads\/2024\/05\/Obras-Publicas.gif\" alt=\"\" class=\"wp-image-6818\"\/><\/figure>\n\n\n\n<p>El gobernador de Corrientes: Gustavo Vald\u00e9s despidi\u00f3 al ministro de Seguridad Buenaventura Duarte, a horas de cumplirse un mes de la desaparici\u00f3n de Loan Pe\u00f1a, de 5 a\u00f1os, de quien son se tiene rastro desde el pasado 13 de junio.<\/p>\n\n\n\n<p>El peque\u00f1o desapareci\u00f3 durante un paseo en un monte pr\u00f3ximo a la casa de su abuela en el paraje El Algarrobal, en la zona rural de la ciudad correntina 9 de Julio. Hab\u00eda ido a buscar naranjas con 3 adultos y otros ni\u00f1os.<\/p>\n\n\n\n<p>Desde el primer momento hubo cuestionamientos al operativo de b\u00fasqueda encarado por la Polic\u00eda y la Justicia de Corrientes, que se centr\u00f3 en la hip\u00f3tesis de que Loan simplemente se hab\u00eda extraviado en el monte.<\/p>\n\n\n\n<p>Los reproches apuntaron al funcionario que antes fue fiscal de Investigaci\u00f3n Penal y ministro de Justicia.<\/p>\n\n\n\n<p>Despu\u00e9s se devel\u00f3 una trama de encubrimiento que termin\u00f3 con el comisario Walter Maciel, jefe de la comisar\u00eda de 9 de Julio, encargado de la b\u00fasqueda durante los 3 primeros d\u00edas.<\/p>\n\n\n\n<p>Las expectativas de encontrar al ni\u00f1o fueron diluy\u00e9ndose d\u00eda tras d\u00eda, y el ministro Duarte dej\u00f3 de responder a la prensa hasta desaparecer de todos los planos de la investigaci\u00f3n.<\/p>\n\n\n\n<p>Finalmente renunci\u00f3. En su remplazo, el lunes asumir\u00e1 el diputado nacional Alfredo Vallejos.<\/p>\n","protected":false},"excerpt":{"rendered":"<p>El gobernador de Corrientes: Gustavo Vald\u00e9s despidi\u00f3 al ministro de Seguridad Buenaventura Duarte, a horas de cumplirse un mes de la desaparici\u00f3n de Loan Pe\u00f1a, de 5 a\u00f1os, de quien son se tiene rastro desde el pasado 13 de junio. El peque\u00f1o desapareci\u00f3 durante un paseo en un monte pr\u00f3ximo a la casa de su [&hellip;]<\/p>\n","protected":false},"author":1,"featured_media":7785,"comment_status":"open","ping_status":"open","sticky":false,"template":"","format":"standard","meta":{"footnotes":""},"categories":[27],"tags":[4068,169,592,4069,588,3941,992,839,165,4071],"class_list":["post-7784","post","type-post","status-publish","format-standard","has-post-thumbnail","hentry","category-politica","tag-buenaventura","tag-corrientes","tag-desaparecido","tag-duarte","tag-justicia","tag-loan","tag-ministro","tag-seguridad","tag-valdes","tag-valejos"],"_links":{"self":[{"href":"https:\/\/hdpnoticias.com.ar\/index.php?rest_route=\/wp\/v2\/posts\/7784","targetHints":{"allow":["GET"]}}],"collection":[{"href":"https:\/\/hdpnoticias.com.ar\/index.php?rest_route=\/wp\/v2\/posts"}],"about":[{"href":"https:\/\/hdpnoticias.com.ar\/index.php?rest_route=\/wp\/v2\/types\/post"}],"author":[{"embeddable":true,"href":"https:\/\/hdpnoticias.com.ar\/index.php?rest_route=\/wp\/v2\/users\/1"}],"replies":[{"embeddable":true,"href":"https:\/\/hdpnoticias.com.ar\/index.php?rest_route=%2Fwp%2Fv2%2Fcomments&post=7784"}],"version-history":[{"count":1,"href":"https:\/\/hdpnoticias.com.ar\/index.php?rest_route=\/wp\/v2\/posts\/7784\/revisions"}],"predecessor-version":[{"id":7786,"href":"https:\/\/hdpnoticias.com.ar\/index.php?rest_route=\/wp\/v2\/posts\/7784\/revisions\/7786"}],"wp:featuredmedia":[{"embeddable":true,"href":"https:\/\/hdpnoticias.com.ar\/index.php?rest_route=\/wp\/v2\/media\/7785"}],"wp:attachment":[{"href":"https:\/\/hdpnoticias.com.ar\/index.php?rest_route=%2Fwp%2Fv2%2Fmedia&parent=7784"}],"wp:term":[{"taxonomy":"category","embeddable":true,"href":"https:\/\/hdpnoticias.com.ar\/index.php?rest_route=%2Fwp%2Fv2%2Fcategories&post=7784"},{"taxonomy":"post_tag","embeddable":true,"href":"https:\/\/hdpnoticias.com.ar\/index.php?rest_route=%2Fwp%2Fv2%2Ftags&post=7784"}],"curies":[{"name":"wp","href":"https:\/\/api.w.org\/{rel}","templated":true}]}}