{"id":7736,"date":"2024-07-08T22:13:47","date_gmt":"2024-07-09T01:13:47","guid":{"rendered":"https:\/\/hdpnoticias.com.ar\/?p=7736"},"modified":"2024-07-08T22:13:49","modified_gmt":"2024-07-09T01:13:49","slug":"acusan-al-intendente-de-corzuela-de-abusar-de-un-menor-en-santiago-del-estero","status":"publish","type":"post","link":"https:\/\/hdpnoticias.com.ar\/?p=7736","title":{"rendered":"Acusan al intendente de Corzuela de abusar de un menor en Santiago del Estero"},"content":{"rendered":"\n<figure class=\"wp-block-image size-full\"><img loading=\"lazy\" decoding=\"async\" width=\"720\" height=\"90\" src=\"http:\/\/hdpnoticias.com.ar\/wp-content\/uploads\/2024\/05\/Obras-Publicas.gif\" alt=\"\" class=\"wp-image-6818\"\/><\/figure>\n\n\n\n<p>La noticia de un presunto caso de abuso sexual de un menor con discapacidad ocurrido en Villa Mail\u00edn, en Santiago del Estero, impacta tambi\u00e9n en Chaco, principalmente en el sudoeste.<\/p>\n\n\n\n<p>Los medios de comunicaci\u00f3n santiague\u00f1os narran que un adolescente de 14 a\u00f1os con retraso madurativo y su familia, oriundos de Buenos Aires, participaban de una celebraci\u00f3n religiosa.<\/p>\n\n\n\n<p>En un momento el chico fue al ba\u00f1o, donde se habr\u00eda encontrado con un hombre que le habr\u00eda tocado sus partes genitales.<\/p>\n\n\n\n<p>Al regresar, llorando y se\u00f1alando al agresor, le cont\u00f3 lo ocurrido a su padre, un polic\u00eda federal retirado. \u00c9ste se abalanz\u00f3 sobre el intendente, lo redujo y lo entreg\u00f3 a la Polic\u00eda.<\/p>\n\n\n\n<p>La comisi\u00f3n policial lo identific\u00f3 y \u00e9ste se present\u00f3 como \u201cintendente de Corzuela\u201d, de 51 a\u00f1os, de lo que se deduce que se tratar\u00eda de Rafael Carrara.<\/p>\n\n\n\n<p>El padre del adolescente formaliz\u00f3 una denuncia penal y tras analizar el caso, el fiscal de A\u00f1atuya: Guillermo Far\u00edas, dispuso su libertad pero contin\u00faa supeditado a la causa.<\/p>\n","protected":false},"excerpt":{"rendered":"<p>La noticia de un presunto caso de abuso sexual de un menor con discapacidad ocurrido en Villa Mail\u00edn, en Santiago del Estero, impacta tambi\u00e9n en Chaco, principalmente en el sudoeste. Los medios de comunicaci\u00f3n santiague\u00f1os narran que un adolescente de 14 a\u00f1os con retraso madurativo y su familia, oriundos de Buenos Aires, participaban de una [&hellip;]<\/p>\n","protected":false},"author":1,"featured_media":7737,"comment_status":"open","ping_status":"open","sticky":false,"template":"","format":"standard","meta":{"footnotes":""},"categories":[27],"tags":[945,1517,344,4047,729,4046],"class_list":["post-7736","post","type-post","status-publish","format-standard","has-post-thumbnail","hentry","category-politica","tag-abuso-sexual","tag-carrara","tag-corzuela","tag-discapacitado","tag-santiago-del-estero","tag-villa-mailin"],"_links":{"self":[{"href":"https:\/\/hdpnoticias.com.ar\/index.php?rest_route=\/wp\/v2\/posts\/7736","targetHints":{"allow":["GET"]}}],"collection":[{"href":"https:\/\/hdpnoticias.com.ar\/index.php?rest_route=\/wp\/v2\/posts"}],"about":[{"href":"https:\/\/hdpnoticias.com.ar\/index.php?rest_route=\/wp\/v2\/types\/post"}],"author":[{"embeddable":true,"href":"https:\/\/hdpnoticias.com.ar\/index.php?rest_route=\/wp\/v2\/users\/1"}],"replies":[{"embeddable":true,"href":"https:\/\/hdpnoticias.com.ar\/index.php?rest_route=%2Fwp%2Fv2%2Fcomments&post=7736"}],"version-history":[{"count":1,"href":"https:\/\/hdpnoticias.com.ar\/index.php?rest_route=\/wp\/v2\/posts\/7736\/revisions"}],"predecessor-version":[{"id":7738,"href":"https:\/\/hdpnoticias.com.ar\/index.php?rest_route=\/wp\/v2\/posts\/7736\/revisions\/7738"}],"wp:featuredmedia":[{"embeddable":true,"href":"https:\/\/hdpnoticias.com.ar\/index.php?rest_route=\/wp\/v2\/media\/7737"}],"wp:attachment":[{"href":"https:\/\/hdpnoticias.com.ar\/index.php?rest_route=%2Fwp%2Fv2%2Fmedia&parent=7736"}],"wp:term":[{"taxonomy":"category","embeddable":true,"href":"https:\/\/hdpnoticias.com.ar\/index.php?rest_route=%2Fwp%2Fv2%2Fcategories&post=7736"},{"taxonomy":"post_tag","embeddable":true,"href":"https:\/\/hdpnoticias.com.ar\/index.php?rest_route=%2Fwp%2Fv2%2Ftags&post=7736"}],"curies":[{"name":"wp","href":"https:\/\/api.w.org\/{rel}","templated":true}]}}