{"id":7707,"date":"2024-07-06T09:45:24","date_gmt":"2024-07-06T12:45:24","guid":{"rendered":"https:\/\/hdpnoticias.com.ar\/?p=7707"},"modified":"2024-07-06T09:45:26","modified_gmt":"2024-07-06T12:45:26","slug":"anses-capi-rodriguez-llamo-noqui-a-su-antecesor-agustin-aleman","status":"publish","type":"post","link":"https:\/\/hdpnoticias.com.ar\/?p=7707","title":{"rendered":"ANSES: Capi Rodr\u00edguez llam\u00f3 \u201c\u00f1oqui\u201d a su antecesor Agust\u00edn \u00c1leman"},"content":{"rendered":"\n<figure class=\"wp-block-image size-full\"><img loading=\"lazy\" decoding=\"async\" width=\"728\" height=\"90\" src=\"http:\/\/hdpnoticias.com.ar\/wp-content\/uploads\/2024\/05\/Nachec.gif\" alt=\"\" class=\"wp-image-6814\"\/><\/figure>\n\n\n\n<p>Alfredo \u201cCapi\u201d Rodr\u00edguez, delegado regional a ANSES, resumi\u00f3 la marcha de la investigaci\u00f3n que lleva adelante el fiscal federal de Presidencia Roque S\u00e1enz Pe\u00f1a: Carlos Amad y que revel\u00f3 el otorgamiento irregular de pensiones y otros beneficios durante el gobierno anterior.<\/p>\n\n\n\n<p>Entrevistado por Gustavo Ramela, en Radio Visi\u00f3n, dijo que la tasa de discapacidad en la provincia era r\u00e9cord, no s\u00f3lo comparada con otros distritos, sino incluso con ciudades que sufrieron de lleno el impacto de la segunda guerra mundial.<\/p>\n\n\n\n<p>En este marco, consider\u00f3 fundamental regularizar esta situaci\u00f3n para optimizar los recursos y lograr el pro\u00f3sito del organismo.<\/p>\n\n\n\n<p>Pero el universo de \u201cplanes\u201d no fue lo \u00fanico que llam\u00f3 su atenci\u00f3n al asumir. Dijo que r\u00e1pidamente detectaron que no s\u00f3lo se distribu\u00edan beneficios de manera discrecional apropi\u00e1ndose de la caja de la seguridad social como una caja pol\u00edtica del gobierno anterior, sino que hab\u00edan convertido a la Anses en un \u201crefugio de \u00f1oquis\u201d.<\/p>\n\n\n\n<p>Seg\u00fan estim\u00f3, \u201cel 40 por ciento del personal cobraba puntualmente sus salarios pero jam\u00e1s iba a trabajar\u201d.<\/p>\n\n\n\n<p>Y para dimensionar esto, dijo que el mismo jefe regional, su antecesor: Agust\u00edn \u00c1leman, se incorpor\u00f3 definitivamente como personal de planta y se asign\u00f3 una remuneraci\u00f3n mensual superior a los 2 millones de pesos. Y que, adem\u00e1s, para evitar ir a trabajar, se design\u00f3 \u201cparitario\u201d.<\/p>\n\n\n\n<p>\u201cEs \u00f1oqui\u201d, remat\u00f3.<\/p>\n","protected":false},"excerpt":{"rendered":"<p>Alfredo \u201cCapi\u201d Rodr\u00edguez, delegado regional a ANSES, resumi\u00f3 la marcha de la investigaci\u00f3n que lleva adelante el fiscal federal de Presidencia Roque S\u00e1enz Pe\u00f1a: Carlos Amad y que revel\u00f3 el otorgamiento irregular de pensiones y otros beneficios durante el gobierno anterior. Entrevistado por Gustavo Ramela, en Radio Visi\u00f3n, dijo que la tasa de discapacidad en [&hellip;]<\/p>\n","protected":false},"author":1,"featured_media":7708,"comment_status":"open","ping_status":"open","sticky":false,"template":"","format":"standard","meta":{"footnotes":""},"categories":[27],"tags":[4028,3787,3332,4027,2159,2594,4029,4030,95],"class_list":["post-7707","post","type-post","status-publish","format-standard","has-post-thumbnail","hentry","category-politica","tag-aleman","tag-amad","tag-anses","tag-capi","tag-discapacidad","tag-noqui","tag-pensiones","tag-ramela","tag-saenz-pena"],"_links":{"self":[{"href":"https:\/\/hdpnoticias.com.ar\/index.php?rest_route=\/wp\/v2\/posts\/7707","targetHints":{"allow":["GET"]}}],"collection":[{"href":"https:\/\/hdpnoticias.com.ar\/index.php?rest_route=\/wp\/v2\/posts"}],"about":[{"href":"https:\/\/hdpnoticias.com.ar\/index.php?rest_route=\/wp\/v2\/types\/post"}],"author":[{"embeddable":true,"href":"https:\/\/hdpnoticias.com.ar\/index.php?rest_route=\/wp\/v2\/users\/1"}],"replies":[{"embeddable":true,"href":"https:\/\/hdpnoticias.com.ar\/index.php?rest_route=%2Fwp%2Fv2%2Fcomments&post=7707"}],"version-history":[{"count":1,"href":"https:\/\/hdpnoticias.com.ar\/index.php?rest_route=\/wp\/v2\/posts\/7707\/revisions"}],"predecessor-version":[{"id":7709,"href":"https:\/\/hdpnoticias.com.ar\/index.php?rest_route=\/wp\/v2\/posts\/7707\/revisions\/7709"}],"wp:featuredmedia":[{"embeddable":true,"href":"https:\/\/hdpnoticias.com.ar\/index.php?rest_route=\/wp\/v2\/media\/7708"}],"wp:attachment":[{"href":"https:\/\/hdpnoticias.com.ar\/index.php?rest_route=%2Fwp%2Fv2%2Fmedia&parent=7707"}],"wp:term":[{"taxonomy":"category","embeddable":true,"href":"https:\/\/hdpnoticias.com.ar\/index.php?rest_route=%2Fwp%2Fv2%2Fcategories&post=7707"},{"taxonomy":"post_tag","embeddable":true,"href":"https:\/\/hdpnoticias.com.ar\/index.php?rest_route=%2Fwp%2Fv2%2Ftags&post=7707"}],"curies":[{"name":"wp","href":"https:\/\/api.w.org\/{rel}","templated":true}]}}