{"id":7697,"date":"2024-07-05T18:22:21","date_gmt":"2024-07-05T21:22:21","guid":{"rendered":"https:\/\/hdpnoticias.com.ar\/?p=7697"},"modified":"2024-07-05T18:22:27","modified_gmt":"2024-07-05T21:22:27","slug":"el-abogado-de-emerenciano-asumio-la-defensa-del-tio-de-loan","status":"publish","type":"post","link":"https:\/\/hdpnoticias.com.ar\/?p=7697","title":{"rendered":"El abogado de Emerenciano asumi\u00f3 la defensa del t\u00edo de Loan"},"content":{"rendered":"\n<figure class=\"wp-block-image size-full\"><img loading=\"lazy\" decoding=\"async\" width=\"720\" height=\"90\" src=\"http:\/\/hdpnoticias.com.ar\/wp-content\/uploads\/2024\/05\/Obras-Publicas.gif\" alt=\"\" class=\"wp-image-6818\"\/><\/figure>\n\n\n\n<p>Antonio Ben\u00edtez, marido de Laudelina Pe\u00f1a, la t\u00eda del peque\u00f1o Loan, desaparecido en la zona rural de la ciudad correntina 9 de Julio el pasado 13 de junio, design\u00f3 nuevo abogado: Ricardo Osuna, que actualmente representa el dirigente social Emerenciano Sena, imputado y detenido sindicado como coautor del asesinato de Cecilia Strzyzowski.<\/p>\n\n\n\n<p>Es el tercero en asumir la defensa de Ben\u00edtez, los 2 anteriores renunciaron por no llegar a un acuerdo en torno a los honorarios.<\/p>\n\n\n\n<p>\u201cA m\u00ed la plata no me importa, yo no vivo de la abogac\u00eda\u201d, dijo Osuna, y cont\u00f3 que su principal fuente de ingresos es la producci\u00f3n agropecuaria, y precis\u00f3 que administra campos con alrededor de 5 mil cabezas de ganado.<\/p>\n\n\n\n<p>Ben\u00edtez, su amigo Daniel \u201cFierrito\u201d Ram\u00edrez, y la pareja de \u00e9ste: M\u00f3nica Millapi, fueron los primeros detenidos de la causa, en principio por \u201cpresunto abandono de persona\u201d, ya que el ni\u00f1o desapareci\u00f3 durante una caminata con ellos y un grupo de ni\u00f1os por el monte.<\/p>\n\n\n\n<p>Despu\u00e9s del paso de la causa a la Justicia Judicial, fueron trasladados a la U7, en Resistencia. Ah\u00ed se contact\u00f3 con Osuna.<\/p>\n\n\n\n<p>El abogado cont\u00f3 que Ben\u00edtez asevera que no tiene relaci\u00f3n con la desaparici\u00f3n de Loan. Por su parte, espera el levantamiento del secreto de sumario para interiorizarse de las pruebas que alcanzan a su defendido, trazar una estrategia y solicitar medidas de prueba.<\/p>\n\n\n\n<p>Esto deb\u00eda pasar en los pr\u00f3ximos d\u00edas pero este viernes la jueza decidi\u00f3 prorrogar el secreto hasta el lunes 15 de julio.<\/p>\n\n\n\n<p><strong>Conocidos<\/strong><\/p>\n\n\n\n<p>Osuna tendr\u00e1 enfrente la querella encarnada por el medi\u00e1tico Fernando Burlando y el correntino Gustavo Briend, que representan a la familia de Loan, los mismos que en Resistencia asisten a Gloria Romero, madre de Cecilia.<\/p>\n\n\n\n<p>En las \u00faltimas horas se sum\u00f3 otra celebridad a la causa por la desaparici\u00f3n del peque\u00f1o Loan: Miguel \u00c1ngel Pierri, como defensor del comisario Walter Maciel, detenido, acusado de desviar la investigaci\u00f3n.<\/p>\n","protected":false},"excerpt":{"rendered":"<p>Antonio Ben\u00edtez, marido de Laudelina Pe\u00f1a, la t\u00eda del peque\u00f1o Loan, desaparecido en la zona rural de la ciudad correntina 9 de Julio el pasado 13 de junio, design\u00f3 nuevo abogado: Ricardo Osuna, que actualmente representa el dirigente social Emerenciano Sena, imputado y detenido sindicado como coautor del asesinato de Cecilia Strzyzowski. Es el tercero [&hellip;]<\/p>\n","protected":false},"author":1,"featured_media":7698,"comment_status":"open","ping_status":"open","sticky":false,"template":"","format":"standard","meta":{"footnotes":""},"categories":[26],"tags":[4020,1899,1813,169,592,793,2849,4018,3995,3941,1408,4019],"class_list":["post-7697","post","type-post","status-publish","format-standard","has-post-thumbnail","hentry","category-policiales","tag-briend","tag-burlando","tag-cecilia","tag-corrientes","tag-desaparecido","tag-emerenciano","tag-ganado","tag-isuna","tag-laudelina","tag-loan","tag-pena","tag-pierri"],"_links":{"self":[{"href":"https:\/\/hdpnoticias.com.ar\/index.php?rest_route=\/wp\/v2\/posts\/7697","targetHints":{"allow":["GET"]}}],"collection":[{"href":"https:\/\/hdpnoticias.com.ar\/index.php?rest_route=\/wp\/v2\/posts"}],"about":[{"href":"https:\/\/hdpnoticias.com.ar\/index.php?rest_route=\/wp\/v2\/types\/post"}],"author":[{"embeddable":true,"href":"https:\/\/hdpnoticias.com.ar\/index.php?rest_route=\/wp\/v2\/users\/1"}],"replies":[{"embeddable":true,"href":"https:\/\/hdpnoticias.com.ar\/index.php?rest_route=%2Fwp%2Fv2%2Fcomments&post=7697"}],"version-history":[{"count":1,"href":"https:\/\/hdpnoticias.com.ar\/index.php?rest_route=\/wp\/v2\/posts\/7697\/revisions"}],"predecessor-version":[{"id":7699,"href":"https:\/\/hdpnoticias.com.ar\/index.php?rest_route=\/wp\/v2\/posts\/7697\/revisions\/7699"}],"wp:featuredmedia":[{"embeddable":true,"href":"https:\/\/hdpnoticias.com.ar\/index.php?rest_route=\/wp\/v2\/media\/7698"}],"wp:attachment":[{"href":"https:\/\/hdpnoticias.com.ar\/index.php?rest_route=%2Fwp%2Fv2%2Fmedia&parent=7697"}],"wp:term":[{"taxonomy":"category","embeddable":true,"href":"https:\/\/hdpnoticias.com.ar\/index.php?rest_route=%2Fwp%2Fv2%2Fcategories&post=7697"},{"taxonomy":"post_tag","embeddable":true,"href":"https:\/\/hdpnoticias.com.ar\/index.php?rest_route=%2Fwp%2Fv2%2Ftags&post=7697"}],"curies":[{"name":"wp","href":"https:\/\/api.w.org\/{rel}","templated":true}]}}