{"id":7685,"date":"2024-07-04T19:22:14","date_gmt":"2024-07-04T22:22:14","guid":{"rendered":"https:\/\/hdpnoticias.com.ar\/?p=7685"},"modified":"2024-08-05T08:19:11","modified_gmt":"2024-08-05T11:19:11","slug":"coautores-agravan-la-imputacion-de-marcela-y-emerenciano-en-el-caso-cecilia","status":"publish","type":"post","link":"https:\/\/hdpnoticias.com.ar\/?p=7685","title":{"rendered":"Coautores: agravan la imputaci\u00f3n de Marcela y Emerenciano en el caso Cecilia"},"content":{"rendered":"\n<figure class=\"wp-block-image size-full\"><img loading=\"lazy\" decoding=\"async\" width=\"728\" height=\"90\" src=\"http:\/\/hdpnoticias.com.ar\/wp-content\/uploads\/2024\/05\/Nachec.gif\" alt=\"\" class=\"wp-image-6814\"\/><\/figure>\n\n\n\n<p>El juez de Garant\u00edas 2: H\u00e9ctor Sandoval, consinti\u00f3 el planteo de la querella y consider\u00f3 a Emerenciano Sena y su esposa Marcela Acu\u00f1a coautores del asesinato de Cecilia Strzyzowski, pareja del hijo de ambos: C\u00e9sar Sena, principal imputado.<\/p>\n\n\n\n<p>Para el magistrado, los dirigentes sociales tuvieron un rol protag\u00f3nico en el crimen que, de acuerdo a la investigaci\u00f3n, ocurri\u00f3 el 2 de junio de 2023 en la casa de la familia Sena, en la calle Santa Mar\u00eda de Oro 1460, en Resistencia.<\/p>\n\n\n\n<p>Esa fue la hip\u00f3tesis desde el inici\u00f3 de la causa pero a la hora de clausurar la investigaci\u00f3n penal preparatoria y del requerimiento de elevaci\u00f3n a juicio, el Equipo Fiscal Especial integrado por Mart\u00edn Bogado, Nelia Vel\u00e1zquez y Jorge C\u00e1ceres Olivera consider\u00f3 a Emerenciano y Marcela \u201cpart\u00edcipes primarios\u201d.<\/p>\n\n\n\n<p>Ahora ambos tienen 10 d\u00edas para acudir a casaci\u00f3n para revertir la decisi\u00f3n de Sandoval, cuyos fundamentos se ventilar\u00e1n en los pr\u00f3ximos d\u00edas.<\/p>\n\n\n\n<p><\/p>\n","protected":false},"excerpt":{"rendered":"<p>El juez de Garant\u00edas 2: H\u00e9ctor Sandoval, consinti\u00f3 el planteo de la querella y consider\u00f3 a Emerenciano Sena y su esposa Marcela Acu\u00f1a coautores del asesinato de Cecilia Strzyzowski, pareja del hijo de ambos: C\u00e9sar Sena, principal imputado. Para el magistrado, los dirigentes sociales tuvieron un rol protag\u00f3nico en el crimen que, de acuerdo a [&hellip;]<\/p>\n","protected":false},"author":1,"featured_media":2569,"comment_status":"open","ping_status":"open","sticky":false,"template":"","format":"standard","meta":{"footnotes":""},"categories":[26],"tags":[1813,1812,4015,87,793,409,2096,1787,4016,49,798],"class_list":["post-7685","post","type-post","status-publish","format-standard","has-post-thumbnail","hentry","category-policiales","tag-cecilia","tag-cesar","tag-coautores","tag-crimen","tag-emerenciano","tag-femicidio","tag-fiscales","tag-marcela","tag-participes","tag-resistencia","tag-sena"],"_links":{"self":[{"href":"https:\/\/hdpnoticias.com.ar\/index.php?rest_route=\/wp\/v2\/posts\/7685","targetHints":{"allow":["GET"]}}],"collection":[{"href":"https:\/\/hdpnoticias.com.ar\/index.php?rest_route=\/wp\/v2\/posts"}],"about":[{"href":"https:\/\/hdpnoticias.com.ar\/index.php?rest_route=\/wp\/v2\/types\/post"}],"author":[{"embeddable":true,"href":"https:\/\/hdpnoticias.com.ar\/index.php?rest_route=\/wp\/v2\/users\/1"}],"replies":[{"embeddable":true,"href":"https:\/\/hdpnoticias.com.ar\/index.php?rest_route=%2Fwp%2Fv2%2Fcomments&post=7685"}],"version-history":[{"count":1,"href":"https:\/\/hdpnoticias.com.ar\/index.php?rest_route=\/wp\/v2\/posts\/7685\/revisions"}],"predecessor-version":[{"id":7686,"href":"https:\/\/hdpnoticias.com.ar\/index.php?rest_route=\/wp\/v2\/posts\/7685\/revisions\/7686"}],"wp:featuredmedia":[{"embeddable":true,"href":"https:\/\/hdpnoticias.com.ar\/index.php?rest_route=\/wp\/v2\/media\/2569"}],"wp:attachment":[{"href":"https:\/\/hdpnoticias.com.ar\/index.php?rest_route=%2Fwp%2Fv2%2Fmedia&parent=7685"}],"wp:term":[{"taxonomy":"category","embeddable":true,"href":"https:\/\/hdpnoticias.com.ar\/index.php?rest_route=%2Fwp%2Fv2%2Fcategories&post=7685"},{"taxonomy":"post_tag","embeddable":true,"href":"https:\/\/hdpnoticias.com.ar\/index.php?rest_route=%2Fwp%2Fv2%2Ftags&post=7685"}],"curies":[{"name":"wp","href":"https:\/\/api.w.org\/{rel}","templated":true}]}}