{"id":7605,"date":"2024-06-27T12:42:03","date_gmt":"2024-06-27T15:42:03","guid":{"rendered":"https:\/\/hdpnoticias.com.ar\/?p=7605"},"modified":"2024-06-27T12:42:05","modified_gmt":"2024-06-27T15:42:05","slug":"aumenta-la-tarifa-de-sameep-la-audiencia-publica-sera-en-charata","status":"publish","type":"post","link":"https:\/\/hdpnoticias.com.ar\/?p=7605","title":{"rendered":"Aumenta la tarifa de Sameep: la audiencia p\u00fablica ser\u00e1 en Charata"},"content":{"rendered":"\n<figure class=\"wp-block-image size-full\"><img loading=\"lazy\" decoding=\"async\" width=\"728\" height=\"90\" src=\"http:\/\/hdpnoticias.com.ar\/wp-content\/uploads\/2024\/05\/Nachec.gif\" alt=\"\" class=\"wp-image-6814\"\/><\/figure>\n\n\n\n<p>Mientras se multiplican las quejas por los incrementos en las tarifas de energ\u00eda el\u00e9ctrica provista por Secheep, se alista una \u201cactualizaci\u00f3n del cuadro tarifario\u201d del servicio de agua potable de Sameep.<\/p>\n\n\n\n<p>Para eso ya se dio el primer paso: el gobernador Leandro Zdero convoc\u00f3 a la audiencia p\u00fablica obligada por ley para el pr\u00f3ximo 2 de agosto a las 10, en la sede de la Asociaci\u00f3n Espa\u00f1ola de Charata.<\/p>\n\n\n\n<p>La decisi\u00f3n fue tomada a instancias de la empresa provincial que advierte que el desfasaje entre los ingresos y los egresos, producto del atraso en las tarifas y el incremento de los costos, torna imposible poder garantizar el servicio.<\/p>\n\n\n\n<p>Las tarifas, seg\u00fan detalla el decreto, est\u00e1n congeladas desde noviembre de 2022, mientras los precios de los insumos demandados por el proceso de potabilizaci\u00f3n siguieron escalando y est\u00e1n cotizados en d\u00f3lares.<\/p>\n\n\n\n<p>A esto se suma, seg\u00fan los considerandos, los permanentes cambios en las condiciones de los r\u00edos de donde se obtiene agua cruda, que demanda la utilizaci\u00f3n de f\u00f3rmulas m\u00e1s costosas para su purificaci\u00f3n.<\/p>\n\n\n\n<p>20 d\u00edas antes de la audiencia se habilitar\u00e1 la inscripci\u00f3n de los interesados en exponer.<\/p>\n\n\n\n<p>Llama la atenci\u00f3n la elecci\u00f3n de Charata como sede para debatir el incremento de tarifas de un servicio que a\u00fan no es pleno en esa ciudad, sede de la tan mentada Fiesta del Agua, punto c\u00falmine del inconcluso Segundo Acueducto del Interior, donde el exgobernador celebr\u00f3 emocionado hasta las l\u00e1grimas la llegada del agua y, para demostrarlo, abri\u00f3 una canilla en la casa de una vecina.<\/p>\n","protected":false},"excerpt":{"rendered":"<p>Mientras se multiplican las quejas por los incrementos en las tarifas de energ\u00eda el\u00e9ctrica provista por Secheep, se alista una \u201cactualizaci\u00f3n del cuadro tarifario\u201d del servicio de agua potable de Sameep. Para eso ya se dio el primer paso: el gobernador Leandro Zdero convoc\u00f3 a la audiencia p\u00fablica obligada por ley para el pr\u00f3ximo 2 [&hellip;]<\/p>\n","protected":false},"author":1,"featured_media":7606,"comment_status":"open","ping_status":"open","sticky":false,"template":"","format":"standard","meta":{"footnotes":""},"categories":[6],"tags":[121,3672,91,303,2357,118,232,378,921],"class_list":["post-7605","post","type-post","status-publish","format-standard","has-post-thumbnail","hentry","category-info-general","tag-agua","tag-audiencia-publica","tag-charata","tag-energia","tag-potable","tag-sameep","tag-secheep","tag-tarifas","tag-zdero"],"_links":{"self":[{"href":"https:\/\/hdpnoticias.com.ar\/index.php?rest_route=\/wp\/v2\/posts\/7605","targetHints":{"allow":["GET"]}}],"collection":[{"href":"https:\/\/hdpnoticias.com.ar\/index.php?rest_route=\/wp\/v2\/posts"}],"about":[{"href":"https:\/\/hdpnoticias.com.ar\/index.php?rest_route=\/wp\/v2\/types\/post"}],"author":[{"embeddable":true,"href":"https:\/\/hdpnoticias.com.ar\/index.php?rest_route=\/wp\/v2\/users\/1"}],"replies":[{"embeddable":true,"href":"https:\/\/hdpnoticias.com.ar\/index.php?rest_route=%2Fwp%2Fv2%2Fcomments&post=7605"}],"version-history":[{"count":1,"href":"https:\/\/hdpnoticias.com.ar\/index.php?rest_route=\/wp\/v2\/posts\/7605\/revisions"}],"predecessor-version":[{"id":7607,"href":"https:\/\/hdpnoticias.com.ar\/index.php?rest_route=\/wp\/v2\/posts\/7605\/revisions\/7607"}],"wp:featuredmedia":[{"embeddable":true,"href":"https:\/\/hdpnoticias.com.ar\/index.php?rest_route=\/wp\/v2\/media\/7606"}],"wp:attachment":[{"href":"https:\/\/hdpnoticias.com.ar\/index.php?rest_route=%2Fwp%2Fv2%2Fmedia&parent=7605"}],"wp:term":[{"taxonomy":"category","embeddable":true,"href":"https:\/\/hdpnoticias.com.ar\/index.php?rest_route=%2Fwp%2Fv2%2Fcategories&post=7605"},{"taxonomy":"post_tag","embeddable":true,"href":"https:\/\/hdpnoticias.com.ar\/index.php?rest_route=%2Fwp%2Fv2%2Ftags&post=7605"}],"curies":[{"name":"wp","href":"https:\/\/api.w.org\/{rel}","templated":true}]}}