{"id":7592,"date":"2024-06-26T18:25:20","date_gmt":"2024-06-26T21:25:20","guid":{"rendered":"https:\/\/hdpnoticias.com.ar\/?p=7592"},"modified":"2024-06-26T18:25:22","modified_gmt":"2024-06-26T21:25:22","slug":"ola-polar-la-temperatura-seguira-bajando-hasta-el-domingo","status":"publish","type":"post","link":"https:\/\/hdpnoticias.com.ar\/?p=7592","title":{"rendered":"Ola polar: la temperatura seguir\u00e1 bajando hasta el domingo"},"content":{"rendered":"\n<figure class=\"wp-block-image size-full\"><img loading=\"lazy\" decoding=\"async\" width=\"720\" height=\"90\" src=\"http:\/\/hdpnoticias.com.ar\/wp-content\/uploads\/2024\/05\/Copy-of-720x90-1.gif\" alt=\"\" class=\"wp-image-6806\"\/><\/figure>\n\n\n\n<p>Tras el \u201cveranillo de San Juan\u201d Chaco atraviesa una \u201cola polar\u201d con un marcado descenso de temperatura a niveles que no se hab\u00edan registrado en los \u00faltimos a\u00f1os.<\/p>\n\n\n\n<p>El Servicio Meteorol\u00f3gico Nacional vaticina que esta tendencia se acentuar\u00e1 los pr\u00f3ximos d\u00edas y llegar\u00e1 a su m\u00e1xima expresi\u00f3n el pr\u00f3ximo domingo con una m\u00ednima de 4\u201d C y una m\u00e1xima en torno a los 15.<\/p>\n\n\n\n<p>El mismo esquema se espera para el lunes. Y el martes, seg\u00fan se pronostica, la temperatura comenzar\u00e1 a remontar lentamente.<\/p>\n\n\n\n<p>Paralelamente, no se esperan precipitaciones.<\/p>\n\n\n\n<p><strong>Faltazo escolar<\/strong><\/p>\n\n\n\n<p>El fr\u00edo incrementa el riesgo de contraer enfermedades respiratorias, lo que se evidencia en los centros sanitarios que en los \u00faltimos d\u00edas se vieron saturados por la cantidad de personas afectadas, mayormente ni\u00f1os.<\/p>\n\n\n\n<p>En los establecimientos educativos se observa una significativa merma de la asistencia por la misma raz\u00f3n, y ya se estudia la posibilidad de adelantar el receso invernal para reducir los contagios.<\/p>\n","protected":false},"excerpt":{"rendered":"<p>Tras el \u201cveranillo de San Juan\u201d Chaco atraviesa una \u201cola polar\u201d con un marcado descenso de temperatura a niveles que no se hab\u00edan registrado en los \u00faltimos a\u00f1os. El Servicio Meteorol\u00f3gico Nacional vaticina que esta tendencia se acentuar\u00e1 los pr\u00f3ximos d\u00edas y llegar\u00e1 a su m\u00e1xima expresi\u00f3n el pr\u00f3ximo domingo con una m\u00ednima de 4\u201d [&hellip;]<\/p>\n","protected":false},"author":1,"featured_media":7593,"comment_status":"open","ping_status":"open","sticky":false,"template":"","format":"standard","meta":{"footnotes":""},"categories":[6],"tags":[37,3976,3977,2536,3978],"class_list":["post-7592","post","type-post","status-publish","format-standard","has-post-thumbnail","hentry","category-info-general","tag-chaco","tag-frio","tag-ola-polar","tag-temperatura","tag-veranillo-de-san-juan"],"_links":{"self":[{"href":"https:\/\/hdpnoticias.com.ar\/index.php?rest_route=\/wp\/v2\/posts\/7592","targetHints":{"allow":["GET"]}}],"collection":[{"href":"https:\/\/hdpnoticias.com.ar\/index.php?rest_route=\/wp\/v2\/posts"}],"about":[{"href":"https:\/\/hdpnoticias.com.ar\/index.php?rest_route=\/wp\/v2\/types\/post"}],"author":[{"embeddable":true,"href":"https:\/\/hdpnoticias.com.ar\/index.php?rest_route=\/wp\/v2\/users\/1"}],"replies":[{"embeddable":true,"href":"https:\/\/hdpnoticias.com.ar\/index.php?rest_route=%2Fwp%2Fv2%2Fcomments&post=7592"}],"version-history":[{"count":1,"href":"https:\/\/hdpnoticias.com.ar\/index.php?rest_route=\/wp\/v2\/posts\/7592\/revisions"}],"predecessor-version":[{"id":7594,"href":"https:\/\/hdpnoticias.com.ar\/index.php?rest_route=\/wp\/v2\/posts\/7592\/revisions\/7594"}],"wp:featuredmedia":[{"embeddable":true,"href":"https:\/\/hdpnoticias.com.ar\/index.php?rest_route=\/wp\/v2\/media\/7593"}],"wp:attachment":[{"href":"https:\/\/hdpnoticias.com.ar\/index.php?rest_route=%2Fwp%2Fv2%2Fmedia&parent=7592"}],"wp:term":[{"taxonomy":"category","embeddable":true,"href":"https:\/\/hdpnoticias.com.ar\/index.php?rest_route=%2Fwp%2Fv2%2Fcategories&post=7592"},{"taxonomy":"post_tag","embeddable":true,"href":"https:\/\/hdpnoticias.com.ar\/index.php?rest_route=%2Fwp%2Fv2%2Ftags&post=7592"}],"curies":[{"name":"wp","href":"https:\/\/api.w.org\/{rel}","templated":true}]}}