{"id":758,"date":"2023-01-23T06:51:00","date_gmt":"2023-01-23T09:51:00","guid":{"rendered":"http:\/\/hdpnoticias.com.ar\/?p=758"},"modified":"2023-02-10T07:06:53","modified_gmt":"2023-02-10T10:06:53","slug":"el-capataz-el-conjunto-de-malambo-chaqueno-en-el-escenario-de-cosquin","status":"publish","type":"post","link":"https:\/\/hdpnoticias.com.ar\/?p=758","title":{"rendered":"El Capataz: el conjunto de malambo chaque\u00f1o en el escenario de Cosqu\u00edn"},"content":{"rendered":"\n<figure class=\"wp-block-image size-full is-resized\"><img loading=\"lazy\" decoding=\"async\" src=\"http:\/\/hdpnoticias.com.ar\/wp-content\/uploads\/2023\/02\/Banner-300x250-Pr.gif\" alt=\"\" class=\"wp-image-762\" width=\"306\" height=\"255\"\/><\/figure>\n\n\n\n<p><\/p>\n\n\n\n<p>El conjunto chaque\u00f1o de malambo El Capataz subi\u00f3 al escenario Atahualpa Yupanqui en la segunda noche del Festival Nacional de Folclore Cosqu\u00edn 2023.<\/p>\n\n\n\n<p>Los bailarines merecieron ese espacio en la grilla oficial tras consagrarse vencedores en el Pre Cosqu\u00edn, del que participaron en representaci\u00f3n de la Sede Resistencia.<\/p>\n\n\n\n<p>As\u00ed, la provincia vuelve a verse reflejada en la mayor cita folcl\u00f3rica con j\u00f3venes valores surgidos del certamen convocado cada a\u00f1o por la Municipalidad de Resistencia.<\/p>\n","protected":false},"excerpt":{"rendered":"<p>El conjunto chaque\u00f1o de malambo El Capataz subi\u00f3 al escenario Atahualpa Yupanqui en la segunda noche del Festival Nacional de Folclore Cosqu\u00edn 2023. Los bailarines merecieron ese espacio en la grilla oficial tras consagrarse vencedores en el Pre Cosqu\u00edn, del que participaron en representaci\u00f3n de la Sede Resistencia. As\u00ed, la provincia vuelve a verse reflejada [&hellip;]<\/p>\n","protected":false},"author":1,"featured_media":759,"comment_status":"open","ping_status":"open","sticky":false,"template":"","format":"standard","meta":{"footnotes":""},"categories":[28],"tags":[37,516,515,518,49,517],"class_list":["post-758","post","type-post","status-publish","format-standard","has-post-thumbnail","hentry","category-cultura","tag-chaco","tag-cosquin","tag-el-capataz","tag-folclore","tag-resistencia","tag-yupanqui"],"_links":{"self":[{"href":"https:\/\/hdpnoticias.com.ar\/index.php?rest_route=\/wp\/v2\/posts\/758","targetHints":{"allow":["GET"]}}],"collection":[{"href":"https:\/\/hdpnoticias.com.ar\/index.php?rest_route=\/wp\/v2\/posts"}],"about":[{"href":"https:\/\/hdpnoticias.com.ar\/index.php?rest_route=\/wp\/v2\/types\/post"}],"author":[{"embeddable":true,"href":"https:\/\/hdpnoticias.com.ar\/index.php?rest_route=\/wp\/v2\/users\/1"}],"replies":[{"embeddable":true,"href":"https:\/\/hdpnoticias.com.ar\/index.php?rest_route=%2Fwp%2Fv2%2Fcomments&post=758"}],"version-history":[{"count":3,"href":"https:\/\/hdpnoticias.com.ar\/index.php?rest_route=\/wp\/v2\/posts\/758\/revisions"}],"predecessor-version":[{"id":764,"href":"https:\/\/hdpnoticias.com.ar\/index.php?rest_route=\/wp\/v2\/posts\/758\/revisions\/764"}],"wp:featuredmedia":[{"embeddable":true,"href":"https:\/\/hdpnoticias.com.ar\/index.php?rest_route=\/wp\/v2\/media\/759"}],"wp:attachment":[{"href":"https:\/\/hdpnoticias.com.ar\/index.php?rest_route=%2Fwp%2Fv2%2Fmedia&parent=758"}],"wp:term":[{"taxonomy":"category","embeddable":true,"href":"https:\/\/hdpnoticias.com.ar\/index.php?rest_route=%2Fwp%2Fv2%2Fcategories&post=758"},{"taxonomy":"post_tag","embeddable":true,"href":"https:\/\/hdpnoticias.com.ar\/index.php?rest_route=%2Fwp%2Fv2%2Ftags&post=758"}],"curies":[{"name":"wp","href":"https:\/\/api.w.org\/{rel}","templated":true}]}}