{"id":7486,"date":"2024-06-18T22:20:07","date_gmt":"2024-06-19T01:20:07","guid":{"rendered":"https:\/\/hdpnoticias.com.ar\/?p=7486"},"modified":"2024-06-18T22:22:12","modified_gmt":"2024-06-19T01:22:12","slug":"16-anos-de-carcel-para-alperovich-por-abuso-sexual-ya-fue-detenido","status":"publish","type":"post","link":"https:\/\/hdpnoticias.com.ar\/?p=7486","title":{"rendered":"16 a\u00f1os de c\u00e1rcel para Alperovich por abuso sexual: ya fue detenido"},"content":{"rendered":"\n<figure class=\"wp-block-image size-full\"><img loading=\"lazy\" decoding=\"async\" width=\"720\" height=\"90\" src=\"http:\/\/hdpnoticias.com.ar\/wp-content\/uploads\/2024\/05\/Copy-of-720x90-1.gif\" alt=\"\" class=\"wp-image-6806\"\/><\/figure>\n\n\n\n<p>El exgobernador de Tucum\u00e1n y exsenador Jos\u00e9 Alperovich, fue condenado este martes a 16 a\u00f1os de c\u00e1rcel al ser encontrado autor penalmente responsable de abuso sexual en perjuicio de su sobrina y exsecretaria.<\/p>\n\n\n\n<p>El juez Juan Mart\u00edn Ramos Padilla consider\u00f3 probados 9 hechos de abuso sexual, 6 de ellos gravemente ultrajantes, cometidos entre el 14 de diciembre de 2017 y el 26 de marzo de 2018.<\/p>\n\n\n\n<p>Adem\u00e1s, le impuso una inhabilitaci\u00f3n perpetua para el desempe\u00f1o de cargos p\u00fablicos.<\/p>\n\n\n\n<p>Tras la lectura de la sentencia, orden\u00f3 la inmediata detenci\u00f3n de Alperovich, tal como reclamara el fiscal.<\/p>\n\n\n\n<p>Alperovich fue 3 veces gobernador, desde 2003 hasta 2015, y desde entonces fue senador hasta 2021. Su esposa: Beatriz Rojk\u00e9s, fue diputada y senadora, y presidente provisional del Senado de la Naci\u00f3n.<\/p>\n","protected":false},"excerpt":{"rendered":"<p>El exgobernador de Tucum\u00e1n y exsenador Jos\u00e9 Alperovich, fue condenado este martes a 16 a\u00f1os de c\u00e1rcel al ser encontrado autor penalmente responsable de abuso sexual en perjuicio de su sobrina y exsecretaria. El juez Juan Mart\u00edn Ramos Padilla consider\u00f3 probados 9 hechos de abuso sexual, 6 de ellos gravemente ultrajantes, cometidos entre el 14 [&hellip;]<\/p>\n","protected":false},"author":1,"featured_media":7487,"comment_status":"open","ping_status":"open","sticky":false,"template":"","format":"standard","meta":{"footnotes":""},"categories":[26],"tags":[1515,3821,244,3939,72,1399,2291,170],"class_list":["post-7486","post","type-post","status-publish","format-standard","has-post-thumbnail","hentry","category-policiales","tag-alperovich","tag-carcel","tag-gobernador","tag-rojkes","tag-senado","tag-senador","tag-sobrina","tag-tucuman"],"_links":{"self":[{"href":"https:\/\/hdpnoticias.com.ar\/index.php?rest_route=\/wp\/v2\/posts\/7486","targetHints":{"allow":["GET"]}}],"collection":[{"href":"https:\/\/hdpnoticias.com.ar\/index.php?rest_route=\/wp\/v2\/posts"}],"about":[{"href":"https:\/\/hdpnoticias.com.ar\/index.php?rest_route=\/wp\/v2\/types\/post"}],"author":[{"embeddable":true,"href":"https:\/\/hdpnoticias.com.ar\/index.php?rest_route=\/wp\/v2\/users\/1"}],"replies":[{"embeddable":true,"href":"https:\/\/hdpnoticias.com.ar\/index.php?rest_route=%2Fwp%2Fv2%2Fcomments&post=7486"}],"version-history":[{"count":2,"href":"https:\/\/hdpnoticias.com.ar\/index.php?rest_route=\/wp\/v2\/posts\/7486\/revisions"}],"predecessor-version":[{"id":7489,"href":"https:\/\/hdpnoticias.com.ar\/index.php?rest_route=\/wp\/v2\/posts\/7486\/revisions\/7489"}],"wp:featuredmedia":[{"embeddable":true,"href":"https:\/\/hdpnoticias.com.ar\/index.php?rest_route=\/wp\/v2\/media\/7487"}],"wp:attachment":[{"href":"https:\/\/hdpnoticias.com.ar\/index.php?rest_route=%2Fwp%2Fv2%2Fmedia&parent=7486"}],"wp:term":[{"taxonomy":"category","embeddable":true,"href":"https:\/\/hdpnoticias.com.ar\/index.php?rest_route=%2Fwp%2Fv2%2Fcategories&post=7486"},{"taxonomy":"post_tag","embeddable":true,"href":"https:\/\/hdpnoticias.com.ar\/index.php?rest_route=%2Fwp%2Fv2%2Ftags&post=7486"}],"curies":[{"name":"wp","href":"https:\/\/api.w.org\/{rel}","templated":true}]}}