{"id":7474,"date":"2024-06-17T18:09:27","date_gmt":"2024-06-17T21:09:27","guid":{"rendered":"https:\/\/hdpnoticias.com.ar\/?p=7474"},"modified":"2024-06-17T18:09:28","modified_gmt":"2024-06-17T21:09:28","slug":"cayo-un-hombre-que-baleo-a-otro-en-el-barrio-emerenciano","status":"publish","type":"post","link":"https:\/\/hdpnoticias.com.ar\/?p=7474","title":{"rendered":"Cay\u00f3 un hombre que bale\u00f3 a otro en el barrio Emerenciano"},"content":{"rendered":"\n<figure class=\"wp-block-image size-full\"><img loading=\"lazy\" decoding=\"async\" width=\"720\" height=\"90\" src=\"http:\/\/hdpnoticias.com.ar\/wp-content\/uploads\/2024\/05\/Copy-of-720x90-1.gif\" alt=\"\" class=\"wp-image-6806\"\/><\/figure>\n\n\n\n<p>La madrugada de este lunes un joven de 22 a\u00f1os ingres\u00f3 al hospital Perrando con una herida de bala. Seg\u00fan dijo a los polic\u00edas, fue blanco de varios hombres que efectuaron disparos de arma de fuego en el barrio Emerenciano.<\/p>\n\n\n\n<p>Con datos aportados por \u00e9ste y testigos, la Polic\u00eda logr\u00f3 identificar al presunto autor del disparo, de 28 a\u00f1os, y fue detenido.<\/p>\n\n\n\n<p>En su poder ten\u00eda un rev\u00f3lver calibre 22, 4 balas y 6 vainas servidas del mismo calibre.<\/p>\n","protected":false},"excerpt":{"rendered":"<p>La madrugada de este lunes un joven de 22 a\u00f1os ingres\u00f3 al hospital Perrando con una herida de bala. Seg\u00fan dijo a los polic\u00edas, fue blanco de varios hombres que efectuaron disparos de arma de fuego en el barrio Emerenciano. Con datos aportados por \u00e9ste y testigos, la Polic\u00eda logr\u00f3 identificar al presunto autor del [&hellip;]<\/p>\n","protected":false},"author":1,"featured_media":7475,"comment_status":"open","ping_status":"open","sticky":false,"template":"","format":"standard","meta":{"footnotes":""},"categories":[26],"tags":[384,946,793,278,40],"class_list":["post-7474","post","type-post","status-publish","format-standard","has-post-thumbnail","hentry","category-policiales","tag-baleado","tag-calibre-22","tag-emerenciano","tag-herido","tag-perrando"],"_links":{"self":[{"href":"https:\/\/hdpnoticias.com.ar\/index.php?rest_route=\/wp\/v2\/posts\/7474","targetHints":{"allow":["GET"]}}],"collection":[{"href":"https:\/\/hdpnoticias.com.ar\/index.php?rest_route=\/wp\/v2\/posts"}],"about":[{"href":"https:\/\/hdpnoticias.com.ar\/index.php?rest_route=\/wp\/v2\/types\/post"}],"author":[{"embeddable":true,"href":"https:\/\/hdpnoticias.com.ar\/index.php?rest_route=\/wp\/v2\/users\/1"}],"replies":[{"embeddable":true,"href":"https:\/\/hdpnoticias.com.ar\/index.php?rest_route=%2Fwp%2Fv2%2Fcomments&post=7474"}],"version-history":[{"count":1,"href":"https:\/\/hdpnoticias.com.ar\/index.php?rest_route=\/wp\/v2\/posts\/7474\/revisions"}],"predecessor-version":[{"id":7476,"href":"https:\/\/hdpnoticias.com.ar\/index.php?rest_route=\/wp\/v2\/posts\/7474\/revisions\/7476"}],"wp:featuredmedia":[{"embeddable":true,"href":"https:\/\/hdpnoticias.com.ar\/index.php?rest_route=\/wp\/v2\/media\/7475"}],"wp:attachment":[{"href":"https:\/\/hdpnoticias.com.ar\/index.php?rest_route=%2Fwp%2Fv2%2Fmedia&parent=7474"}],"wp:term":[{"taxonomy":"category","embeddable":true,"href":"https:\/\/hdpnoticias.com.ar\/index.php?rest_route=%2Fwp%2Fv2%2Fcategories&post=7474"},{"taxonomy":"post_tag","embeddable":true,"href":"https:\/\/hdpnoticias.com.ar\/index.php?rest_route=%2Fwp%2Fv2%2Ftags&post=7474"}],"curies":[{"name":"wp","href":"https:\/\/api.w.org\/{rel}","templated":true}]}}