{"id":7467,"date":"2024-06-17T12:32:25","date_gmt":"2024-06-17T15:32:25","guid":{"rendered":"https:\/\/hdpnoticias.com.ar\/?p=7467"},"modified":"2024-06-17T12:38:33","modified_gmt":"2024-06-17T15:38:33","slug":"encontraron-muerto-en-su-departamento-al-hijo-del-exjuez-alvarenga","status":"publish","type":"post","link":"https:\/\/hdpnoticias.com.ar\/?p=7467","title":{"rendered":"Encontraron muerto en su departamento al hijo del exjuez Alvarenga"},"content":{"rendered":"\n<figure class=\"wp-block-image size-full\"><img loading=\"lazy\" decoding=\"async\" width=\"728\" height=\"90\" src=\"http:\/\/hdpnoticias.com.ar\/wp-content\/uploads\/2024\/05\/Nachec.gif\" alt=\"\" class=\"wp-image-6814\"\/><\/figure>\n\n\n\n<p>Diego Emiliano Alvarenga, abogado de 43 a\u00f1os, que se desempe\u00f1ara temporalmente como fiscal, fue encontrado muerto en su departamento de la avenida Belgrano 458, en el microcentro de Resistencia. Es hijo del exjuez Carlos Emiliano \u201cChino\u201d Alvarenga, fallecido en noviembre de 2916.<\/p>\n\n\n\n<p>Su amigo, el abogado Jerem\u00edas Vargas Cuevas llam\u00f3 al 911 despu\u00e9s de haber perdido todo contacto con \u00e9l y no obtener respuesta en una nueva visita al departamento.<\/p>\n\n\n\n<p>\u00c9ste cont\u00f3 que el \u00faltimo s\u00e1bado hab\u00eda pasado para reunirse con \u00e9l pero fue atendido por una amiga que le dijo que Diego estaba profundamente dormido y no lograba despertarlo. Pero que no tuvo contacto con \u00e9l ni pudo volver a contactarlo por otro medio.<\/p>\n\n\n\n<p>Los polic\u00edas lo encontraron tendido en la cama, muerto.<\/p>\n\n\n\n<p>El fiscal en turno dispuso que el cuerpo sea trasladado al Instituto de Medicina y Ciencias Forenses del Poder Judicial para la autopsia de rigor que permita determinar causa y data de la muerte.<\/p>\n","protected":false},"excerpt":{"rendered":"<p>Diego Emiliano Alvarenga, abogado de 43 a\u00f1os, que se desempe\u00f1ara temporalmente como fiscal, fue encontrado muerto en su departamento de la avenida Belgrano 458, en el microcentro de Resistencia. Es hijo del exjuez Carlos Emiliano \u201cChino\u201d Alvarenga, fallecido en noviembre de 2916. Su amigo, el abogado Jerem\u00edas Vargas Cuevas llam\u00f3 al 911 despu\u00e9s de haber [&hellip;]<\/p>\n","protected":false},"author":1,"featured_media":7468,"comment_status":"open","ping_status":"open","sticky":false,"template":"","format":"standard","meta":{"footnotes":""},"categories":[26],"tags":[3931,301,2927,1940,472,49],"class_list":["post-7467","post","type-post","status-publish","format-standard","has-post-thumbnail","hentry","category-policiales","tag-alvarenga","tag-autopsia","tag-chino","tag-juez","tag-muerto","tag-resistencia"],"_links":{"self":[{"href":"https:\/\/hdpnoticias.com.ar\/index.php?rest_route=\/wp\/v2\/posts\/7467","targetHints":{"allow":["GET"]}}],"collection":[{"href":"https:\/\/hdpnoticias.com.ar\/index.php?rest_route=\/wp\/v2\/posts"}],"about":[{"href":"https:\/\/hdpnoticias.com.ar\/index.php?rest_route=\/wp\/v2\/types\/post"}],"author":[{"embeddable":true,"href":"https:\/\/hdpnoticias.com.ar\/index.php?rest_route=\/wp\/v2\/users\/1"}],"replies":[{"embeddable":true,"href":"https:\/\/hdpnoticias.com.ar\/index.php?rest_route=%2Fwp%2Fv2%2Fcomments&post=7467"}],"version-history":[{"count":2,"href":"https:\/\/hdpnoticias.com.ar\/index.php?rest_route=\/wp\/v2\/posts\/7467\/revisions"}],"predecessor-version":[{"id":7471,"href":"https:\/\/hdpnoticias.com.ar\/index.php?rest_route=\/wp\/v2\/posts\/7467\/revisions\/7471"}],"wp:featuredmedia":[{"embeddable":true,"href":"https:\/\/hdpnoticias.com.ar\/index.php?rest_route=\/wp\/v2\/media\/7468"}],"wp:attachment":[{"href":"https:\/\/hdpnoticias.com.ar\/index.php?rest_route=%2Fwp%2Fv2%2Fmedia&parent=7467"}],"wp:term":[{"taxonomy":"category","embeddable":true,"href":"https:\/\/hdpnoticias.com.ar\/index.php?rest_route=%2Fwp%2Fv2%2Fcategories&post=7467"},{"taxonomy":"post_tag","embeddable":true,"href":"https:\/\/hdpnoticias.com.ar\/index.php?rest_route=%2Fwp%2Fv2%2Ftags&post=7467"}],"curies":[{"name":"wp","href":"https:\/\/api.w.org\/{rel}","templated":true}]}}