{"id":7415,"date":"2024-06-12T21:01:00","date_gmt":"2024-06-13T00:01:00","guid":{"rendered":"https:\/\/hdpnoticias.com.ar\/?p=7415"},"modified":"2024-06-13T06:11:16","modified_gmt":"2024-06-13T09:11:16","slug":"multitudinaria-protesta-contra-la-ley-bases-en-resistencia","status":"publish","type":"post","link":"https:\/\/hdpnoticias.com.ar\/?p=7415","title":{"rendered":"Multitudinaria protesta contra la Ley Bases en Resistencia"},"content":{"rendered":"\n<figure class=\"wp-block-image size-full\"><img loading=\"lazy\" decoding=\"async\" width=\"720\" height=\"90\" src=\"http:\/\/hdpnoticias.com.ar\/wp-content\/uploads\/2024\/05\/Copy-of-720x90-1.gif\" alt=\"\" class=\"wp-image-6806\"\/><\/figure>\n\n\n\n<p>Sectores pol\u00edticos, sindicales y organizaciones sociales se concentraron este mi\u00e9rcoles en el m\u00e1stil central, frente a la plaza 25 de Mayo, en Resistencia, para manifestar su rechazo a la Ley Bases a la hora de su debate en el Senado de la Naci\u00f3n.<\/p>\n\n\n\n<p>La columna ten\u00eda pensado llegar a la Casa de Gobierno pero el despliegue de un numeroso operativo policial que implement\u00f3 el \u201cprotocolo antipiquetes\u201d lo impidi\u00f3 y la concentraci\u00f3n final fue a media cuadra: frente a la Casa de la Memoria.<\/p>\n\n\n\n<p>Durante la protesta hubo escarceos entre manifestantes y la Polic\u00eda que no pasaron a mayores, aunque los efectivos apelaron al uso de gases lacrim\u00f3genos.<\/p>\n","protected":false},"excerpt":{"rendered":"<p>Sectores pol\u00edticos, sindicales y organizaciones sociales se concentraron este mi\u00e9rcoles en el m\u00e1stil central, frente a la plaza 25 de Mayo, en Resistencia, para manifestar su rechazo a la Ley Bases a la hora de su debate en el Senado de la Naci\u00f3n. La columna ten\u00eda pensado llegar a la Casa de Gobierno pero el [&hellip;]<\/p>\n","protected":false},"author":1,"featured_media":7416,"comment_status":"open","ping_status":"open","sticky":false,"template":"","format":"standard","meta":{"footnotes":""},"categories":[27],"tags":[3912,767,3911,37,3342,658,443,49],"class_list":["post-7415","post","type-post","status-publish","format-standard","has-post-thumbnail","hentry","category-politica","tag-antipiquetes","tag-casa-de-gobierno","tag-casa-de-la-memoria","tag-chaco","tag-ley-bases","tag-protesta","tag-protocolo","tag-resistencia"],"_links":{"self":[{"href":"https:\/\/hdpnoticias.com.ar\/index.php?rest_route=\/wp\/v2\/posts\/7415","targetHints":{"allow":["GET"]}}],"collection":[{"href":"https:\/\/hdpnoticias.com.ar\/index.php?rest_route=\/wp\/v2\/posts"}],"about":[{"href":"https:\/\/hdpnoticias.com.ar\/index.php?rest_route=\/wp\/v2\/types\/post"}],"author":[{"embeddable":true,"href":"https:\/\/hdpnoticias.com.ar\/index.php?rest_route=\/wp\/v2\/users\/1"}],"replies":[{"embeddable":true,"href":"https:\/\/hdpnoticias.com.ar\/index.php?rest_route=%2Fwp%2Fv2%2Fcomments&post=7415"}],"version-history":[{"count":1,"href":"https:\/\/hdpnoticias.com.ar\/index.php?rest_route=\/wp\/v2\/posts\/7415\/revisions"}],"predecessor-version":[{"id":7417,"href":"https:\/\/hdpnoticias.com.ar\/index.php?rest_route=\/wp\/v2\/posts\/7415\/revisions\/7417"}],"wp:featuredmedia":[{"embeddable":true,"href":"https:\/\/hdpnoticias.com.ar\/index.php?rest_route=\/wp\/v2\/media\/7416"}],"wp:attachment":[{"href":"https:\/\/hdpnoticias.com.ar\/index.php?rest_route=%2Fwp%2Fv2%2Fmedia&parent=7415"}],"wp:term":[{"taxonomy":"category","embeddable":true,"href":"https:\/\/hdpnoticias.com.ar\/index.php?rest_route=%2Fwp%2Fv2%2Fcategories&post=7415"},{"taxonomy":"post_tag","embeddable":true,"href":"https:\/\/hdpnoticias.com.ar\/index.php?rest_route=%2Fwp%2Fv2%2Ftags&post=7415"}],"curies":[{"name":"wp","href":"https:\/\/api.w.org\/{rel}","templated":true}]}}