{"id":7338,"date":"2024-06-08T16:04:04","date_gmt":"2024-06-08T19:04:04","guid":{"rendered":"https:\/\/hdpnoticias.com.ar\/?p=7338"},"modified":"2024-06-08T16:06:16","modified_gmt":"2024-06-08T19:06:16","slug":"se-fue-de-su-casa-hace-10-meses-lo-encontraron-y-la-policia-lo-trajo-de-regreso","status":"publish","type":"post","link":"https:\/\/hdpnoticias.com.ar\/?p=7338","title":{"rendered":"Se fue de su casa hace 9 meses, lo encontraron y la Polic\u00eda lo trajo de regreso"},"content":{"rendered":"\n<figure class=\"wp-block-image size-full\"><img loading=\"lazy\" decoding=\"async\" width=\"720\" height=\"90\" src=\"http:\/\/hdpnoticias.com.ar\/wp-content\/uploads\/2024\/05\/Copy-of-720x90-1.gif\" alt=\"\" class=\"wp-image-6806\"\/><\/figure>\n\n\n\n<p>Ernesto Bogado, de 36 a\u00f1os, era buscado desde hace varios meses despu\u00e9s de que su familia denunciara que hab\u00eda desaparecido de su casa de Villa R\u00edo Negro, en Resistencia.<\/p>\n\n\n\n<p>Hab\u00eda sido visto por \u00faltima vez el 10 de septiembre de 2023. Desde entonces no hubo noticias de su paradero y por momentos se temi\u00f3 lo peor.<\/p>\n\n\n\n<p>Pero la ma\u00f1ana de este s\u00e1bado alguien lo encontr\u00f3 y dio aviso a la Polic\u00eda.<\/p>\n\n\n\n<p>Estaba en Barranqueras, sano y salvo. Y efectivos del Cuerpo de Operaciones Motorizadas lo trasladaron a Sanidad Policial y desde ah\u00ed lo llevaron de regreso a su casa.<\/p>\n","protected":false},"excerpt":{"rendered":"<p>Ernesto Bogado, de 36 a\u00f1os, era buscado desde hace varios meses despu\u00e9s de que su familia denunciara que hab\u00eda desaparecido de su casa de Villa R\u00edo Negro, en Resistencia. Hab\u00eda sido visto por \u00faltima vez el 10 de septiembre de 2023. Desde entonces no hubo noticias de su paradero y por momentos se temi\u00f3 lo [&hellip;]<\/p>\n","protected":false},"author":1,"featured_media":7339,"comment_status":"open","ping_status":"open","sticky":false,"template":"","format":"standard","meta":{"footnotes":""},"categories":[26],"tags":[53,592,55,49],"class_list":["post-7338","post","type-post","status-publish","format-standard","has-post-thumbnail","hentry","category-policiales","tag-barranqueras","tag-desaparecido","tag-policia","tag-resistencia"],"_links":{"self":[{"href":"https:\/\/hdpnoticias.com.ar\/index.php?rest_route=\/wp\/v2\/posts\/7338","targetHints":{"allow":["GET"]}}],"collection":[{"href":"https:\/\/hdpnoticias.com.ar\/index.php?rest_route=\/wp\/v2\/posts"}],"about":[{"href":"https:\/\/hdpnoticias.com.ar\/index.php?rest_route=\/wp\/v2\/types\/post"}],"author":[{"embeddable":true,"href":"https:\/\/hdpnoticias.com.ar\/index.php?rest_route=\/wp\/v2\/users\/1"}],"replies":[{"embeddable":true,"href":"https:\/\/hdpnoticias.com.ar\/index.php?rest_route=%2Fwp%2Fv2%2Fcomments&post=7338"}],"version-history":[{"count":2,"href":"https:\/\/hdpnoticias.com.ar\/index.php?rest_route=\/wp\/v2\/posts\/7338\/revisions"}],"predecessor-version":[{"id":7341,"href":"https:\/\/hdpnoticias.com.ar\/index.php?rest_route=\/wp\/v2\/posts\/7338\/revisions\/7341"}],"wp:featuredmedia":[{"embeddable":true,"href":"https:\/\/hdpnoticias.com.ar\/index.php?rest_route=\/wp\/v2\/media\/7339"}],"wp:attachment":[{"href":"https:\/\/hdpnoticias.com.ar\/index.php?rest_route=%2Fwp%2Fv2%2Fmedia&parent=7338"}],"wp:term":[{"taxonomy":"category","embeddable":true,"href":"https:\/\/hdpnoticias.com.ar\/index.php?rest_route=%2Fwp%2Fv2%2Fcategories&post=7338"},{"taxonomy":"post_tag","embeddable":true,"href":"https:\/\/hdpnoticias.com.ar\/index.php?rest_route=%2Fwp%2Fv2%2Ftags&post=7338"}],"curies":[{"name":"wp","href":"https:\/\/api.w.org\/{rel}","templated":true}]}}