{"id":7300,"date":"2024-06-05T08:34:05","date_gmt":"2024-06-05T11:34:05","guid":{"rendered":"https:\/\/hdpnoticias.com.ar\/?p=7300"},"modified":"2024-06-05T08:34:08","modified_gmt":"2024-06-05T11:34:08","slug":"aguinaldo-estatales-cobran-el-13-y-el-14","status":"publish","type":"post","link":"https:\/\/hdpnoticias.com.ar\/?p=7300","title":{"rendered":"Aguinaldo: estatales cobran el 13 y el 14"},"content":{"rendered":"\n<figure class=\"wp-block-image size-full\"><img loading=\"lazy\" decoding=\"async\" width=\"720\" height=\"90\" src=\"http:\/\/hdpnoticias.com.ar\/wp-content\/uploads\/2024\/05\/Obras-Publicas.gif\" alt=\"\" class=\"wp-image-6818\"\/><\/figure>\n\n\n\n<p>El gobernador Leandro Zdero anunci\u00f3 a primera hora de este mi\u00e9rcoles el cronograma de pago del Sueldo Anual Complementario a trabajadores del Estado.<\/p>\n\n\n\n<p>A trav\u00e9s de las redes sociales inform\u00f3 que los fondos correspondientes al sector pasivo ser\u00e1n acreditados la noche del jueves 13 y al d\u00eda siguiente para el activo.<\/p>\n\n\n\n<p>Dijo que as\u00ed cumple \u201cla premisa de llevar adelante una gesti\u00f3n con las cuentas en orden y planificando el uso de los recursos\u201d.<\/p>\n","protected":false},"excerpt":{"rendered":"<p>El gobernador Leandro Zdero anunci\u00f3 a primera hora de este mi\u00e9rcoles el cronograma de pago del Sueldo Anual Complementario a trabajadores del Estado. A trav\u00e9s de las redes sociales inform\u00f3 que los fondos correspondientes al sector pasivo ser\u00e1n acreditados la noche del jueves 13 y al d\u00eda siguiente para el activo. Dijo que as\u00ed cumple [&hellip;]<\/p>\n","protected":false},"author":1,"featured_media":4874,"comment_status":"open","ping_status":"open","sticky":false,"template":"","format":"standard","meta":{"footnotes":""},"categories":[6],"tags":[3028,244,2354,2465,921],"class_list":["post-7300","post","type-post","status-publish","format-standard","has-post-thumbnail","hentry","category-info-general","tag-aguinaldo","tag-gobernador","tag-jubilados","tag-trabajadores","tag-zdero"],"_links":{"self":[{"href":"https:\/\/hdpnoticias.com.ar\/index.php?rest_route=\/wp\/v2\/posts\/7300","targetHints":{"allow":["GET"]}}],"collection":[{"href":"https:\/\/hdpnoticias.com.ar\/index.php?rest_route=\/wp\/v2\/posts"}],"about":[{"href":"https:\/\/hdpnoticias.com.ar\/index.php?rest_route=\/wp\/v2\/types\/post"}],"author":[{"embeddable":true,"href":"https:\/\/hdpnoticias.com.ar\/index.php?rest_route=\/wp\/v2\/users\/1"}],"replies":[{"embeddable":true,"href":"https:\/\/hdpnoticias.com.ar\/index.php?rest_route=%2Fwp%2Fv2%2Fcomments&post=7300"}],"version-history":[{"count":1,"href":"https:\/\/hdpnoticias.com.ar\/index.php?rest_route=\/wp\/v2\/posts\/7300\/revisions"}],"predecessor-version":[{"id":7301,"href":"https:\/\/hdpnoticias.com.ar\/index.php?rest_route=\/wp\/v2\/posts\/7300\/revisions\/7301"}],"wp:featuredmedia":[{"embeddable":true,"href":"https:\/\/hdpnoticias.com.ar\/index.php?rest_route=\/wp\/v2\/media\/4874"}],"wp:attachment":[{"href":"https:\/\/hdpnoticias.com.ar\/index.php?rest_route=%2Fwp%2Fv2%2Fmedia&parent=7300"}],"wp:term":[{"taxonomy":"category","embeddable":true,"href":"https:\/\/hdpnoticias.com.ar\/index.php?rest_route=%2Fwp%2Fv2%2Fcategories&post=7300"},{"taxonomy":"post_tag","embeddable":true,"href":"https:\/\/hdpnoticias.com.ar\/index.php?rest_route=%2Fwp%2Fv2%2Ftags&post=7300"}],"curies":[{"name":"wp","href":"https:\/\/api.w.org\/{rel}","templated":true}]}}