{"id":7287,"date":"2024-06-04T02:53:00","date_gmt":"2024-06-04T05:53:00","guid":{"rendered":"https:\/\/hdpnoticias.com.ar\/?p=7287"},"modified":"2024-06-04T07:03:09","modified_gmt":"2024-06-04T10:03:09","slug":"obra-publica-zdero-se-reunio-con-francos-y-hubo-un-avance","status":"publish","type":"post","link":"https:\/\/hdpnoticias.com.ar\/?p=7287","title":{"rendered":"Obra p\u00fablica: Zdero se reuni\u00f3 con Francos y hubo un avance"},"content":{"rendered":"\n<figure class=\"wp-block-image size-full\"><img loading=\"lazy\" decoding=\"async\" width=\"728\" height=\"90\" src=\"http:\/\/hdpnoticias.com.ar\/wp-content\/uploads\/2024\/05\/Nachec.gif\" alt=\"\" class=\"wp-image-6814\"\/><\/figure>\n\n\n\n<p>El gobernador Leandro Zdero anunci\u00f3 a trav\u00e9s de las redes sociales la firma de un convenio con el Gobierno nacional para la obtenci\u00f3n de financiamiento que permita reactivar la obra p\u00fablica en la provincia.<\/p>\n\n\n\n<p>Tras jurar como jefe de Gabinete de la Naci\u00f3n: Guillermo Francos recibi\u00f3 a Zdero que adelant\u00f3 que el funcionario nacional asumi\u00f3 un compromiso a pesar de la decisi\u00f3n del presidente Javier Milei de no librar fondos \u201cdiscrecionales\u201d a las provincias y de paralizar por completo las obras p\u00fablicas para trasladarlas al sector privado.<\/p>\n\n\n\n<p>No dio mayores precisiones sobre el orden de prioridades a la hora de la reactivaci\u00f3n. Aunque la n\u00f3mina de obras pendientes finalizaci\u00f3n desde hace muchos a\u00f1os est\u00e1 encabezada por el Segundo Acueducto del Interior, todo depender\u00e1 del volumen de recursos.<\/p>\n","protected":false},"excerpt":{"rendered":"<p>El gobernador Leandro Zdero anunci\u00f3 a trav\u00e9s de las redes sociales la firma de un convenio con el Gobierno nacional para la obtenci\u00f3n de financiamiento que permita reactivar la obra p\u00fablica en la provincia. Tras jurar como jefe de Gabinete de la Naci\u00f3n: Guillermo Francos recibi\u00f3 a Zdero que adelant\u00f3 que el funcionario nacional asumi\u00f3 [&hellip;]<\/p>\n","protected":false},"author":1,"featured_media":7288,"comment_status":"open","ping_status":"open","sticky":false,"template":"","format":"standard","meta":{"footnotes":""},"categories":[27],"tags":[3383,264,36,1319,168,954,896,921],"class_list":["post-7287","post","type-post","status-publish","format-standard","has-post-thumbnail","hentry","category-politica","tag-francos","tag-gabinete","tag-gobierno","tag-milei","tag-nacion","tag-obra-publica","tag-segundo-acueducto","tag-zdero"],"_links":{"self":[{"href":"https:\/\/hdpnoticias.com.ar\/index.php?rest_route=\/wp\/v2\/posts\/7287","targetHints":{"allow":["GET"]}}],"collection":[{"href":"https:\/\/hdpnoticias.com.ar\/index.php?rest_route=\/wp\/v2\/posts"}],"about":[{"href":"https:\/\/hdpnoticias.com.ar\/index.php?rest_route=\/wp\/v2\/types\/post"}],"author":[{"embeddable":true,"href":"https:\/\/hdpnoticias.com.ar\/index.php?rest_route=\/wp\/v2\/users\/1"}],"replies":[{"embeddable":true,"href":"https:\/\/hdpnoticias.com.ar\/index.php?rest_route=%2Fwp%2Fv2%2Fcomments&post=7287"}],"version-history":[{"count":1,"href":"https:\/\/hdpnoticias.com.ar\/index.php?rest_route=\/wp\/v2\/posts\/7287\/revisions"}],"predecessor-version":[{"id":7289,"href":"https:\/\/hdpnoticias.com.ar\/index.php?rest_route=\/wp\/v2\/posts\/7287\/revisions\/7289"}],"wp:featuredmedia":[{"embeddable":true,"href":"https:\/\/hdpnoticias.com.ar\/index.php?rest_route=\/wp\/v2\/media\/7288"}],"wp:attachment":[{"href":"https:\/\/hdpnoticias.com.ar\/index.php?rest_route=%2Fwp%2Fv2%2Fmedia&parent=7287"}],"wp:term":[{"taxonomy":"category","embeddable":true,"href":"https:\/\/hdpnoticias.com.ar\/index.php?rest_route=%2Fwp%2Fv2%2Fcategories&post=7287"},{"taxonomy":"post_tag","embeddable":true,"href":"https:\/\/hdpnoticias.com.ar\/index.php?rest_route=%2Fwp%2Fv2%2Ftags&post=7287"}],"curies":[{"name":"wp","href":"https:\/\/api.w.org\/{rel}","templated":true}]}}