{"id":728,"date":"2023-02-08T21:19:32","date_gmt":"2023-02-09T00:19:32","guid":{"rendered":"http:\/\/hdpnoticias.com.ar\/?p=728"},"modified":"2023-02-08T21:19:35","modified_gmt":"2023-02-09T00:19:35","slug":"motociclista-murio-en-choque-multiple-en-la-9-de-julio","status":"publish","type":"post","link":"https:\/\/hdpnoticias.com.ar\/?p=728","title":{"rendered":"Motociclista muri\u00f3 en choque m\u00faltiple en la 9 de Julio"},"content":{"rendered":"\n<p>Alfredo de Jes\u00fas Franco, un motociclista de 70 a\u00f1os, muri\u00f3 la tarde de este mi\u00e9rcoles en un choque m\u00faltiple del que tambi\u00e9n participaron un cami\u00f3n gr\u00faa y un colectivo de la compa\u00f1\u00eda Ersa, que presta el servicio interurbano.<\/p>\n\n\n\n<p>Conduc\u00eda una Motomel Blitz de 110 cc. cuando, por causas que se intentan establecer, en la avenida 9 de Julio al 2700, en Resistencia, se vio involucrado en el siniestro.<\/p>\n\n\n\n<p>Alfredo, domiciliado en Barranqueras, muri\u00f3 en el acto, mientras el colectivero, de 33 a\u00f1os, y el camionero, de 26, resultaron ilesos.<\/p>\n","protected":false},"excerpt":{"rendered":"<p>Alfredo de Jes\u00fas Franco, un motociclista de 70 a\u00f1os, muri\u00f3 la tarde de este mi\u00e9rcoles en un choque m\u00faltiple del que tambi\u00e9n participaron un cami\u00f3n gr\u00faa y un colectivo de la compa\u00f1\u00eda Ersa, que presta el servicio interurbano. Conduc\u00eda una Motomel Blitz de 110 cc. cuando, por causas que se intentan establecer, en la avenida [&hellip;]<\/p>\n","protected":false},"author":1,"featured_media":729,"comment_status":"open","ping_status":"open","sticky":false,"template":"","format":"standard","meta":{"footnotes":""},"categories":[26],"tags":[53,486,215,488,487,78,49,100],"class_list":["post-728","post","type-post","status-publish","format-standard","has-post-thumbnail","hentry","category-policiales","tag-barranqueras","tag-blitz","tag-camion","tag-colectivo","tag-ersa","tag-motomel","tag-resistencia","tag-tragedia"],"_links":{"self":[{"href":"https:\/\/hdpnoticias.com.ar\/index.php?rest_route=\/wp\/v2\/posts\/728","targetHints":{"allow":["GET"]}}],"collection":[{"href":"https:\/\/hdpnoticias.com.ar\/index.php?rest_route=\/wp\/v2\/posts"}],"about":[{"href":"https:\/\/hdpnoticias.com.ar\/index.php?rest_route=\/wp\/v2\/types\/post"}],"author":[{"embeddable":true,"href":"https:\/\/hdpnoticias.com.ar\/index.php?rest_route=\/wp\/v2\/users\/1"}],"replies":[{"embeddable":true,"href":"https:\/\/hdpnoticias.com.ar\/index.php?rest_route=%2Fwp%2Fv2%2Fcomments&post=728"}],"version-history":[{"count":1,"href":"https:\/\/hdpnoticias.com.ar\/index.php?rest_route=\/wp\/v2\/posts\/728\/revisions"}],"predecessor-version":[{"id":730,"href":"https:\/\/hdpnoticias.com.ar\/index.php?rest_route=\/wp\/v2\/posts\/728\/revisions\/730"}],"wp:featuredmedia":[{"embeddable":true,"href":"https:\/\/hdpnoticias.com.ar\/index.php?rest_route=\/wp\/v2\/media\/729"}],"wp:attachment":[{"href":"https:\/\/hdpnoticias.com.ar\/index.php?rest_route=%2Fwp%2Fv2%2Fmedia&parent=728"}],"wp:term":[{"taxonomy":"category","embeddable":true,"href":"https:\/\/hdpnoticias.com.ar\/index.php?rest_route=%2Fwp%2Fv2%2Fcategories&post=728"},{"taxonomy":"post_tag","embeddable":true,"href":"https:\/\/hdpnoticias.com.ar\/index.php?rest_route=%2Fwp%2Fv2%2Ftags&post=728"}],"curies":[{"name":"wp","href":"https:\/\/api.w.org\/{rel}","templated":true}]}}