{"id":7255,"date":"2024-06-01T14:59:00","date_gmt":"2024-06-01T17:59:00","guid":{"rendered":"https:\/\/hdpnoticias.com.ar\/?p=7255"},"modified":"2024-06-01T22:03:42","modified_gmt":"2024-06-02T01:03:42","slug":"incendio-destruyo-una-vivienda-y-2-comercios-en-villa-rio-negro","status":"publish","type":"post","link":"https:\/\/hdpnoticias.com.ar\/?p=7255","title":{"rendered":"Incendio destruy\u00f3 una vivienda y 2 comercios en Villa R\u00edo Negro"},"content":{"rendered":"\n<figure class=\"wp-block-image size-full\"><img loading=\"lazy\" decoding=\"async\" width=\"728\" height=\"90\" src=\"http:\/\/hdpnoticias.com.ar\/wp-content\/uploads\/2024\/05\/Nachec.gif\" alt=\"\" class=\"wp-image-6814\"\/><\/figure>\n\n\n\n<p>Alrededor de las 11 de este s\u00e1bado un voraz incendio se desat\u00f3 en una vivienda en planta alta, en la avenida Sab\u00edn al 2200, en Resistencia.<\/p>\n\n\n\n<p>Al parecer, el fuego se origin\u00f3 por una falla en la instalaci\u00f3n el\u00e9ctrica y r\u00e1pidamente se extendi\u00f3 a todo el primer piso, para alcanzar luego a la planta baja donde funcionan una carnicer\u00eda y una agencia de Loter\u00eda.<\/p>\n\n\n\n<p>Bomberos de la Polic\u00eda y Voluntarios acudieron r\u00e1pidamente pero su intervenci\u00f3n se demor\u00f3 porque a\u00fan no hab\u00eda sido interrumpido el suministro el\u00e9ctrico en la zona y las llamas hab\u00edan alcanzado a los cables de la red de distribuci\u00f3n.<\/p>\n\n\n\n<p>Tras una extensa batalla, las llamas fueron sofocadas pero la destrucci\u00f3n total del inmueble fue inevitable y los peritos hablan de peligro de derrumbe.<\/p>\n","protected":false},"excerpt":{"rendered":"<p>Alrededor de las 11 de este s\u00e1bado un voraz incendio se desat\u00f3 en una vivienda en planta alta, en la avenida Sab\u00edn al 2200, en Resistencia. Al parecer, el fuego se origin\u00f3 por una falla en la instalaci\u00f3n el\u00e9ctrica y r\u00e1pidamente se extendi\u00f3 a todo el primer piso, para alcanzar luego a la planta baja [&hellip;]<\/p>\n","protected":false},"author":1,"featured_media":7256,"comment_status":"open","ping_status":"open","sticky":false,"template":"","format":"standard","meta":{"footnotes":""},"categories":[26],"tags":[309,3844,55,49,1716,258,3845],"class_list":["post-7255","post","type-post","status-publish","format-standard","has-post-thumbnail","hentry","category-policiales","tag-bomberos","tag-incendo","tag-policia","tag-resistencia","tag-sabin","tag-villa-rio-negro","tag-voluntarios"],"_links":{"self":[{"href":"https:\/\/hdpnoticias.com.ar\/index.php?rest_route=\/wp\/v2\/posts\/7255","targetHints":{"allow":["GET"]}}],"collection":[{"href":"https:\/\/hdpnoticias.com.ar\/index.php?rest_route=\/wp\/v2\/posts"}],"about":[{"href":"https:\/\/hdpnoticias.com.ar\/index.php?rest_route=\/wp\/v2\/types\/post"}],"author":[{"embeddable":true,"href":"https:\/\/hdpnoticias.com.ar\/index.php?rest_route=\/wp\/v2\/users\/1"}],"replies":[{"embeddable":true,"href":"https:\/\/hdpnoticias.com.ar\/index.php?rest_route=%2Fwp%2Fv2%2Fcomments&post=7255"}],"version-history":[{"count":1,"href":"https:\/\/hdpnoticias.com.ar\/index.php?rest_route=\/wp\/v2\/posts\/7255\/revisions"}],"predecessor-version":[{"id":7257,"href":"https:\/\/hdpnoticias.com.ar\/index.php?rest_route=\/wp\/v2\/posts\/7255\/revisions\/7257"}],"wp:featuredmedia":[{"embeddable":true,"href":"https:\/\/hdpnoticias.com.ar\/index.php?rest_route=\/wp\/v2\/media\/7256"}],"wp:attachment":[{"href":"https:\/\/hdpnoticias.com.ar\/index.php?rest_route=%2Fwp%2Fv2%2Fmedia&parent=7255"}],"wp:term":[{"taxonomy":"category","embeddable":true,"href":"https:\/\/hdpnoticias.com.ar\/index.php?rest_route=%2Fwp%2Fv2%2Fcategories&post=7255"},{"taxonomy":"post_tag","embeddable":true,"href":"https:\/\/hdpnoticias.com.ar\/index.php?rest_route=%2Fwp%2Fv2%2Ftags&post=7255"}],"curies":[{"name":"wp","href":"https:\/\/api.w.org\/{rel}","templated":true}]}}