{"id":7235,"date":"2024-05-30T23:46:00","date_gmt":"2024-05-31T02:46:00","guid":{"rendered":"https:\/\/hdpnoticias.com.ar\/?p=7235"},"modified":"2024-05-31T06:02:34","modified_gmt":"2024-05-31T09:02:34","slug":"escandalo-de-los-alimentos-escondidos-echaron-al-funcionario-encargado-de-distribuirlos","status":"publish","type":"post","link":"https:\/\/hdpnoticias.com.ar\/?p=7235","title":{"rendered":"Esc\u00e1ndalo de los alimentos escondidos: echaron al funcionario encargado de distribuirlos"},"content":{"rendered":"\n<figure class=\"wp-block-image size-full\"><img loading=\"lazy\" decoding=\"async\" width=\"728\" height=\"90\" src=\"http:\/\/hdpnoticias.com.ar\/wp-content\/uploads\/2024\/05\/Nachec.gif\" alt=\"\" class=\"wp-image-6814\"\/><\/figure>\n\n\n\n<p>El exministro del Interior de la Naci\u00f3n: Guillermo Francos, flamante jefe de Gabinete debut\u00f3 en el cargo anunciando que no habr\u00eda m\u00e1s cambios tras la salida de Nicol\u00e1s Posse de la Jefatura, y el despido del titular de la Agencia Federal de Inteligencia.<\/p>\n\n\n\n<p>Apenas unas horas despu\u00e9s echaron al secretario de Ni\u00f1ez y Familia: Pablo De la Torre, virtual segundo del Ministerio de Capital Humano, tras el esc\u00e1ndalo de las miles de toneladas de alimentos acopiados en galpones, a punto de vencer, adquiridos durante la presidencia de Alberto Fern\u00e1ndez.<\/p>\n\n\n\n<p>El Gobierno hab\u00eda hecho toda una campa\u00f1a negando haber recibido fondos y mercader\u00edas de la gesti\u00f3n anterior, y se negaba a adquirir. Sin embargo, se descubrieron m\u00e1s de mil toneladas s\u00f3lo de leche, a punto de ser descartadas.<\/p>\n\n\n\n<p>El tema estall\u00f3 despu\u00e9s de una denuncia de organizaciones sociales que llevaron a la Justicia a obligar al gobierno de Javier Milei que entregara r\u00e1pidamente todos los alimentos.<\/p>\n\n\n\n<p>Tras el despido de De la Torre, anunciaron que los alimentos ser\u00e1n distribuidos por el Ej\u00e9rcito.<\/p>\n","protected":false},"excerpt":{"rendered":"<p>El exministro del Interior de la Naci\u00f3n: Guillermo Francos, flamante jefe de Gabinete debut\u00f3 en el cargo anunciando que no habr\u00eda m\u00e1s cambios tras la salida de Nicol\u00e1s Posse de la Jefatura, y el despido del titular de la Agencia Federal de Inteligencia. Apenas unas horas despu\u00e9s echaron al secretario de Ni\u00f1ez y Familia: Pablo [&hellip;]<\/p>\n","protected":false},"author":1,"featured_media":7236,"comment_status":"open","ping_status":"open","sticky":false,"template":"","format":"standard","meta":{"footnotes":""},"categories":[27],"tags":[68,574,3830,3831,919,3383,264,1319,3384],"class_list":["post-7235","post","type-post","status-publish","format-standard","has-post-thumbnail","hentry","category-politica","tag-alberto","tag-alimentos","tag-capital-humano","tag-de-la-torre","tag-escandalo","tag-francos","tag-gabinete","tag-milei","tag-posse"],"_links":{"self":[{"href":"https:\/\/hdpnoticias.com.ar\/index.php?rest_route=\/wp\/v2\/posts\/7235","targetHints":{"allow":["GET"]}}],"collection":[{"href":"https:\/\/hdpnoticias.com.ar\/index.php?rest_route=\/wp\/v2\/posts"}],"about":[{"href":"https:\/\/hdpnoticias.com.ar\/index.php?rest_route=\/wp\/v2\/types\/post"}],"author":[{"embeddable":true,"href":"https:\/\/hdpnoticias.com.ar\/index.php?rest_route=\/wp\/v2\/users\/1"}],"replies":[{"embeddable":true,"href":"https:\/\/hdpnoticias.com.ar\/index.php?rest_route=%2Fwp%2Fv2%2Fcomments&post=7235"}],"version-history":[{"count":1,"href":"https:\/\/hdpnoticias.com.ar\/index.php?rest_route=\/wp\/v2\/posts\/7235\/revisions"}],"predecessor-version":[{"id":7237,"href":"https:\/\/hdpnoticias.com.ar\/index.php?rest_route=\/wp\/v2\/posts\/7235\/revisions\/7237"}],"wp:featuredmedia":[{"embeddable":true,"href":"https:\/\/hdpnoticias.com.ar\/index.php?rest_route=\/wp\/v2\/media\/7236"}],"wp:attachment":[{"href":"https:\/\/hdpnoticias.com.ar\/index.php?rest_route=%2Fwp%2Fv2%2Fmedia&parent=7235"}],"wp:term":[{"taxonomy":"category","embeddable":true,"href":"https:\/\/hdpnoticias.com.ar\/index.php?rest_route=%2Fwp%2Fv2%2Fcategories&post=7235"},{"taxonomy":"post_tag","embeddable":true,"href":"https:\/\/hdpnoticias.com.ar\/index.php?rest_route=%2Fwp%2Fv2%2Ftags&post=7235"}],"curies":[{"name":"wp","href":"https:\/\/api.w.org\/{rel}","templated":true}]}}