{"id":722,"date":"2023-02-08T08:10:51","date_gmt":"2023-02-08T11:10:51","guid":{"rendered":"http:\/\/hdpnoticias.com.ar\/?p=722"},"modified":"2023-03-10T09:46:50","modified_gmt":"2023-03-10T12:46:50","slug":"peppo-alberto-tiene-capacidad-habilidad-y-fortaleza-para-ser-reelecto","status":"publish","type":"post","link":"https:\/\/hdpnoticias.com.ar\/?p=722","title":{"rendered":"Peppo: Alberto tiene capacidad, habilidad y fortaleza para ser reelecto"},"content":{"rendered":"\n<p>El exgobernador Domingo Peppo, embajador argentino en Paraguay, defini\u00f3 a Alberto Fern\u00e1ndez como \u201cel presidente que m\u00e1s fondos aport\u00f3 al Chaco en toda su historia\u201d, una \u201cmirada federal\u201d que considera que fue puesta en pr\u00e1ctica desde el inicio de su gesti\u00f3n.<\/p>\n\n\n\n<p>Aunque a\u00fan no fue proclamada oficialmente, el Presidente de la Naci\u00f3n est\u00e1 lanzado en la b\u00fasqueda de la reelecci\u00f3n.<\/p>\n\n\n\n<p>Para Peppo, tiene todas las posibilidades de ser reelecto por \u201clos \u00edndices de crecimiento, desarrollo, trabajo e inclusi\u00f3n, m\u00e1s el nivel de exportaciones y la imagen que el pa\u00eds logr\u00f3 en el exterior\u201d, que se suman al car\u00e1cter \u201cfederal\u201d de su gesti\u00f3n.<\/p>\n\n\n\n<p>Adem\u00e1s, considera que logr\u00f3 un imprescindible equilibrio entre los sectores pol\u00edtico y econ\u00f3mico, lo que demuestra su \u201ccapacidad, habilidad y fortaleza\u201d.<\/p>\n\n\n\n<p>Frente a esto, record\u00f3 que debi\u00f3 lidiar la herencia econ\u00f3mica del gobierno anterior, el surgimiento de la pandemia en el arranque de su gobierno, y la guerra en Ucrania que impact\u00f3 en los mercados de todo el mundo.<\/p>\n\n\n\n<p>En este contexto, entiende que Alberto Fern\u00e1ndez es el indicado para el pr\u00f3ximo per\u00edodo, tiempo en el que se ver\u00e1n los resultados de sus primeros 4 a\u00f1os.<\/p>\n\n\n\n<p>Mientras, Peppo ya anunci\u00f3 su voluntad de disputar la gobernaci\u00f3n y ya est\u00e1 enfocado en eso reuniendo a dirigentes y militantes de su espacio: Todos Unidos, en toda la provincia.<\/p>\n","protected":false},"excerpt":{"rendered":"<p>El exgobernador Domingo Peppo, embajador argentino en Paraguay, defini\u00f3 a Alberto Fern\u00e1ndez como \u201cel presidente que m\u00e1s fondos aport\u00f3 al Chaco en toda su historia\u201d, una \u201cmirada federal\u201d que considera que fue puesta en pr\u00e1ctica desde el inicio de su gesti\u00f3n. Aunque a\u00fan no fue proclamada oficialmente, el Presidente de la Naci\u00f3n est\u00e1 lanzado en [&hellip;]<\/p>\n","protected":false},"author":1,"featured_media":723,"comment_status":"open","ping_status":"open","sticky":false,"template":"","format":"standard","meta":{"footnotes":""},"categories":[27],"tags":[68,37,349,244,480,209,241,479,350,481],"class_list":["post-722","post","type-post","status-publish","format-standard","has-post-thumbnail","hentry","category-politica","tag-alberto","tag-chaco","tag-frente-de-todos","tag-gobernador","tag-pandemia","tag-paraguay","tag-peppo","tag-presidene","tag-reeleccion","tag-ucrania"],"_links":{"self":[{"href":"https:\/\/hdpnoticias.com.ar\/index.php?rest_route=\/wp\/v2\/posts\/722","targetHints":{"allow":["GET"]}}],"collection":[{"href":"https:\/\/hdpnoticias.com.ar\/index.php?rest_route=\/wp\/v2\/posts"}],"about":[{"href":"https:\/\/hdpnoticias.com.ar\/index.php?rest_route=\/wp\/v2\/types\/post"}],"author":[{"embeddable":true,"href":"https:\/\/hdpnoticias.com.ar\/index.php?rest_route=\/wp\/v2\/users\/1"}],"replies":[{"embeddable":true,"href":"https:\/\/hdpnoticias.com.ar\/index.php?rest_route=%2Fwp%2Fv2%2Fcomments&post=722"}],"version-history":[{"count":3,"href":"https:\/\/hdpnoticias.com.ar\/index.php?rest_route=\/wp\/v2\/posts\/722\/revisions"}],"predecessor-version":[{"id":1245,"href":"https:\/\/hdpnoticias.com.ar\/index.php?rest_route=\/wp\/v2\/posts\/722\/revisions\/1245"}],"wp:featuredmedia":[{"embeddable":true,"href":"https:\/\/hdpnoticias.com.ar\/index.php?rest_route=\/wp\/v2\/media\/723"}],"wp:attachment":[{"href":"https:\/\/hdpnoticias.com.ar\/index.php?rest_route=%2Fwp%2Fv2%2Fmedia&parent=722"}],"wp:term":[{"taxonomy":"category","embeddable":true,"href":"https:\/\/hdpnoticias.com.ar\/index.php?rest_route=%2Fwp%2Fv2%2Fcategories&post=722"},{"taxonomy":"post_tag","embeddable":true,"href":"https:\/\/hdpnoticias.com.ar\/index.php?rest_route=%2Fwp%2Fv2%2Ftags&post=722"}],"curies":[{"name":"wp","href":"https:\/\/api.w.org\/{rel}","templated":true}]}}