{"id":7202,"date":"2024-05-28T07:13:53","date_gmt":"2024-05-28T10:13:53","guid":{"rendered":"https:\/\/hdpnoticias.com.ar\/?p=7202"},"modified":"2024-06-13T08:53:35","modified_gmt":"2024-06-13T11:53:35","slug":"tarifazo-de-luz-el-defensor-del-pueblo-pide-revisar-las-ultimas-facturas","status":"publish","type":"post","link":"https:\/\/hdpnoticias.com.ar\/?p=7202","title":{"rendered":"Tarifazo de luz: el defensor del Pueblo pide que el Gobierno revea las \u00faltimas facturas"},"content":{"rendered":"\n<figure class=\"wp-block-image size-full\"><img loading=\"lazy\" decoding=\"async\" width=\"720\" height=\"90\" src=\"http:\/\/hdpnoticias.com.ar\/wp-content\/uploads\/2024\/05\/Obras-Publicas.gif\" alt=\"\" class=\"wp-image-6818\"\/><\/figure>\n\n\n\n<p>El defensor del Pueblo: Bernado Voloj, solicit\u00f3 al Gobierno provincial que contemple la posibilidad de arbitrar medidas para atenuar el impacto de los \u00faltimos incrementos en las tarifas de energ\u00eda el\u00e9ctrica provista por Secheep.<\/p>\n\n\n\n<p>En su an\u00e1lisis, admite que la mayor parte del incremento es consecuencia de la quita de subsidios y el aumento de la tarifa mayorista definido por el Gobierno nacional, pero entiende que es responsabilidad de la Provincia proteger a los chaque\u00f1os afectados por estas medidas.<\/p>\n\n\n\n<p>Por esto, pide la revisi\u00f3n de las facturas de los per\u00edodos abril y mayo, que en muchos casos triplica el monto del mes anterior; la implementaci\u00f3n de una tarifa social m\u00e1s amplia, elevando el techo de kilovatios impuesto como l\u00edmite para acceder al subsidio; crear un sistema de segmentaci\u00f3n provincial para determinar con mayor precisi\u00f3n las categor\u00edas de usuarios; postergar los avisos de cortes y que los cortes se realicen reci\u00e9n con 2 facturas vencidas, y se suspendan totalmente en el caso de personas electrodependientes; entre otras propuestas.<\/p>\n","protected":false},"excerpt":{"rendered":"<p>El defensor del Pueblo: Bernado Voloj, solicit\u00f3 al Gobierno provincial que contemple la posibilidad de arbitrar medidas para atenuar el impacto de los \u00faltimos incrementos en las tarifas de energ\u00eda el\u00e9ctrica provista por Secheep. En su an\u00e1lisis, admite que la mayor parte del incremento es consecuencia de la quita de subsidios y el aumento de [&hellip;]<\/p>\n","protected":false},"author":1,"featured_media":7081,"comment_status":"open","ping_status":"open","sticky":false,"template":"","format":"standard","meta":{"footnotes":""},"categories":[6],"tags":[37,3656,3816,2448,1057,231,168,3817,765,229],"class_list":["post-7202","post","type-post","status-publish","format-standard","has-post-thumbnail","hentry","category-info-general","tag-chaco","tag-defensor-del-pueblo","tag-electrodependientes","tag-energia-electrica","tag-facturas","tag-luz","tag-nacion","tag-segmentacion","tag-subsidios","tag-tarifazo"],"_links":{"self":[{"href":"https:\/\/hdpnoticias.com.ar\/index.php?rest_route=\/wp\/v2\/posts\/7202","targetHints":{"allow":["GET"]}}],"collection":[{"href":"https:\/\/hdpnoticias.com.ar\/index.php?rest_route=\/wp\/v2\/posts"}],"about":[{"href":"https:\/\/hdpnoticias.com.ar\/index.php?rest_route=\/wp\/v2\/types\/post"}],"author":[{"embeddable":true,"href":"https:\/\/hdpnoticias.com.ar\/index.php?rest_route=\/wp\/v2\/users\/1"}],"replies":[{"embeddable":true,"href":"https:\/\/hdpnoticias.com.ar\/index.php?rest_route=%2Fwp%2Fv2%2Fcomments&post=7202"}],"version-history":[{"count":2,"href":"https:\/\/hdpnoticias.com.ar\/index.php?rest_route=\/wp\/v2\/posts\/7202\/revisions"}],"predecessor-version":[{"id":7204,"href":"https:\/\/hdpnoticias.com.ar\/index.php?rest_route=\/wp\/v2\/posts\/7202\/revisions\/7204"}],"wp:featuredmedia":[{"embeddable":true,"href":"https:\/\/hdpnoticias.com.ar\/index.php?rest_route=\/wp\/v2\/media\/7081"}],"wp:attachment":[{"href":"https:\/\/hdpnoticias.com.ar\/index.php?rest_route=%2Fwp%2Fv2%2Fmedia&parent=7202"}],"wp:term":[{"taxonomy":"category","embeddable":true,"href":"https:\/\/hdpnoticias.com.ar\/index.php?rest_route=%2Fwp%2Fv2%2Fcategories&post=7202"},{"taxonomy":"post_tag","embeddable":true,"href":"https:\/\/hdpnoticias.com.ar\/index.php?rest_route=%2Fwp%2Fv2%2Ftags&post=7202"}],"curies":[{"name":"wp","href":"https:\/\/api.w.org\/{rel}","templated":true}]}}